{"id":2905,"date":"2025-05-03T13:31:41","date_gmt":"2025-05-03T13:31:41","guid":{"rendered":"https:\/\/informacionlocal.es\/un-divertente-e-completo-viaggio-nella-storia-del-banditore-juan-pena-da-il-via-ai-festeggiamenti-di-triquivijate\/"},"modified":"2025-05-03T13:31:41","modified_gmt":"2025-05-03T13:31:41","slug":"un-divertente-e-completo-viaggio-nella-storia-del-banditore-juan-pena-da-il-via-ai-festeggiamenti-di-triquivijate","status":"publish","type":"post","link":"https:\/\/informacionlocal.es\/it\/un-divertente-e-completo-viaggio-nella-storia-del-banditore-juan-pena-da-il-via-ai-festeggiamenti-di-triquivijate\/","title":{"rendered":"Un divertente e completo viaggio nella storia del banditore Juan Pe\u00f1a d\u00e0 il via ai festeggiamenti di Triquivijate."},"content":{"rendered":"<div class=\"elementor-widget-container\">\n<p><strong>Un divertente e completo viaggio nella storia del banditore Juan Pe\u00f1a d\u00e0 il via ai festeggiamenti di Triquivijate.<\/strong><\/p>\n<p><strong>&#8211; Una proclamazione che ha fatto ridere tutti con aneddoti sul servizio militare, le feste e la vecchia scuola di Triquivijate.<\/strong><\/p>\n<p>Le Feste di Triquivijate in onore di San Isidro Labrador e Santa Mar\u00eda de La Cabeza sono iniziate questo venerd\u00ec sera con il discorso di apertura del noto residente e musicista parrandero Juan Pe\u00f1a Cedr\u00e9s.<\/p>\n<p>Il sindaco Mat\u00edas Pe\u00f1a e l&#8217;assessore alle Feste Pedro Armas hanno ringraziato il banditore, sua moglie e tutta la famiglia di Pe\u00f1a Cedr\u00e9s per la loro presenza e per il loro impegno nelle feste di Triquivijate, di cui il banditore ha raccontato pi\u00f9 di un aneddoto, oltre a quello del suo periodo militare, che ha fatto ridere e applaudire il pubblico, con una platea affiatata e familiare di residenti del paese e del Comune.<\/p>\n<p>Le Fiestas de Triquivijate celebrano questo sabato pomeriggio, La Romer\u00eda, venendo accolte nella piazza principale del paese con una danza Taifa e Verbena con la rondalla del centro de Mayores de Antigua, la parranda Juan Pe\u00f1a, cos\u00ec come Laly Lean e il gruppo N&#8217;Klave.<\/p>\n<p>Le feste continuano con spettacoli, masterclass, tornei ed esibizioni nel corso della prossima settimana, con un fine settimana principale di verbenas e feste per bambini.<\/p>\n<\/div>\n","protected":false},"excerpt":{"rendered":"<p><strong>Un divertente e completo viaggio nella storia del banditore Juan Pe\u00f1a d\u00e0 il via ai festeggiamenti di Triquivijate.<\/strong><\/p>\n","protected":false},"author":1,"featured_media":2901,"comment_status":"open","ping_status":"open","sticky":false,"template":"","format":"standard","meta":{"inline_featured_image":false,"jnews-multi-image_gallery":[],"jnews_single_post":[],"jnews_primary_category":[],"jnews_social_meta":[],"jnews_override_counter":[],"jnews_post_split":[],"footnotes":""},"categories":[282],"tags":[],"class_list":["post-2905","post","type-post","status-publish","format-standard","has-post-thumbnail","hentry","category-antigua-it"],"jetpack_featured_media_url":"https:\/\/informacionlocal.es\/wp-content\/uploads\/2025\/05\/un-divertido-recorrido-por-la-historia-del-pregonero-juan-pena-inicia-las-fiestas-de-triquivijate-1-scaled-1.jpg","_links":{"self":[{"href":"https:\/\/informacionlocal.es\/it\/wp-json\/wp\/v2\/posts\/2905","targetHints":{"allow":["GET"]}}],"collection":[{"href":"https:\/\/informacionlocal.es\/it\/wp-json\/wp\/v2\/posts"}],"about":[{"href":"https:\/\/informacionlocal.es\/it\/wp-json\/wp\/v2\/types\/post"}],"author":[{"embeddable":true,"href":"https:\/\/informacionlocal.es\/it\/wp-json\/wp\/v2\/users\/1"}],"replies":[{"embeddable":true,"href":"https:\/\/informacionlocal.es\/it\/wp-json\/wp\/v2\/comments?post=2905"}],"version-history":[{"count":0,"href":"https:\/\/informacionlocal.es\/it\/wp-json\/wp\/v2\/posts\/2905\/revisions"}],"wp:featuredmedia":[{"embeddable":true,"href":"https:\/\/informacionlocal.es\/it\/wp-json\/wp\/v2\/media\/2901"}],"wp:attachment":[{"href":"https:\/\/informacionlocal.es\/it\/wp-json\/wp\/v2\/media?parent=2905"}],"wp:term":[{"taxonomy":"category","embeddable":true,"href":"https:\/\/informacionlocal.es\/it\/wp-json\/wp\/v2\/categories?post=2905"},{"taxonomy":"post_tag","embeddable":true,"href":"https:\/\/informacionlocal.es\/it\/wp-json\/wp\/v2\/tags?post=2905"}],"curies":[{"name":"wp","href":"https:\/\/api.w.org\/{rel}","templated":true}]}}