{"id":2892,"date":"2025-05-02T13:10:13","date_gmt":"2025-05-02T13:10:13","guid":{"rendered":"https:\/\/informacionlocal.es\/sabato-di-mestieri-artigianali-e-spettacoli-folkloristici-alla-36a-fiera-dellartigianato-isolana\/"},"modified":"2025-05-02T13:10:13","modified_gmt":"2025-05-02T13:10:13","slug":"sabato-di-mestieri-artigianali-e-spettacoli-folkloristici-alla-36a-fiera-dellartigianato-isolana","status":"publish","type":"post","link":"https:\/\/informacionlocal.es\/it\/sabato-di-mestieri-artigianali-e-spettacoli-folkloristici-alla-36a-fiera-dellartigianato-isolana\/","title":{"rendered":"Sabato di mestieri artigianali e spettacoli folkloristici alla 36a Fiera dell&#8217;Artigianato isolana"},"content":{"rendered":"<div class=\"elementor-widget-container\">\n<p><strong>Sabato di mestieri artigianali e spettacoli folkloristici alla 36a Fiera dell&#8217;Artigianato isolana<\/strong><\/p>\n<p><strong>&#8211; Questo sabato, oltre a circa 200 artigiani e artigiane provenienti da tutte le Isole Canarie, si esibiranno scuole e gruppi folcloristici dei comuni dell&#8217;isola.<\/strong><\/p>\n<p><strong>&#8211; Silvestre Ram\u00edrez propone in concerto, alle ore 13:00, il quartetto di solisti Ciro Corujo, Pedro Manuel Afonso e Mariv\u00ed Cabo.<\/strong><\/p>\n<p><strong>&#8211; Questo sabato sera alle 18:00, Paco Perera in concerto con Nuevo folklore canario e domenica Los Gofiones alle 12:30.<\/strong><\/p>\n<p>La musica canaria accompagna i quasi 200 artigiani presenti e protagonisti della XXXVI Feria Insular de Artesan\u00eda Fuerteventura, che \u00e8 un festival canario con un ampio programma ricco di attrazioni musicali, mostre, laboratori e spettacoli per tutti coloro che lo visitano, afferma l&#8217;assessore alla Cultura Jonathan Pe\u00f1a.<\/p>\n<p>Questo sabato 3 maggio, a partire dalle 11:00, potremo assistere all&#8217;esibizione della Bandita e del Quintetto di fiati della Scuola di Musica e Danza di P\u00e1jara, seguiti dall&#8217;Agrupaci\u00f3n Folkl\u00f3rika Maxorata, dalla Escuela Insular de Folklore e dal Coro della Escuela Insular de M\u00fasica. Alle 13:00 il concerto di Silvestre Ram\u00edrez con il quartetto di solisti Ciro Corujo, Pedro Manuel Afonso e Mariv\u00ed Cano. <\/p>\n<p>La sera, alle ore 18:00, Paco Perera sar\u00e0 protagonista sul palco, offrendo un concerto di folklore delle Nuove Canarie, per concludere la serata con uno spettacolo di danza dell&#8217;Accademia Entresiluetas.<\/p>\n<p>Musica, laboratori e spettacoli sono le attrazioni che offriamo per goderci il fine settimana nella piazza di Antigua, e sostenere con la nostra presenza e i nostri acquisti la continuit\u00e0 dell&#8217;artigianato negli oltre 30 mestieri diversi che si possono praticare qui&#8221;, dice il sindaco, Matias Pe\u00f1a.<\/p>\n<\/div>\n","protected":false},"excerpt":{"rendered":"<p><strong>Sabato di artigianato e spettacoli folcloristici alla 36a Fiera dell&#8217;Artigianato dell&#8217;Isola<\/strong><\/p>\n","protected":false},"author":1,"featured_media":2889,"comment_status":"open","ping_status":"open","sticky":false,"template":"","format":"standard","meta":{"inline_featured_image":false,"jnews-multi-image_gallery":[],"jnews_single_post":[],"jnews_primary_category":[],"jnews_social_meta":[],"jnews_override_counter":[],"jnews_post_split":[],"footnotes":""},"categories":[282],"tags":[223],"class_list":["post-2892","post","type-post","status-publish","format-standard","has-post-thumbnail","hentry","category-antigua-it","tag-fuerteventura-it"],"jetpack_featured_media_url":"https:\/\/informacionlocal.es\/wp-content\/uploads\/2025\/05\/cuarteto-feria-artesania-scaled-1.jpg","_links":{"self":[{"href":"https:\/\/informacionlocal.es\/it\/wp-json\/wp\/v2\/posts\/2892","targetHints":{"allow":["GET"]}}],"collection":[{"href":"https:\/\/informacionlocal.es\/it\/wp-json\/wp\/v2\/posts"}],"about":[{"href":"https:\/\/informacionlocal.es\/it\/wp-json\/wp\/v2\/types\/post"}],"author":[{"embeddable":true,"href":"https:\/\/informacionlocal.es\/it\/wp-json\/wp\/v2\/users\/1"}],"replies":[{"embeddable":true,"href":"https:\/\/informacionlocal.es\/it\/wp-json\/wp\/v2\/comments?post=2892"}],"version-history":[{"count":0,"href":"https:\/\/informacionlocal.es\/it\/wp-json\/wp\/v2\/posts\/2892\/revisions"}],"wp:featuredmedia":[{"embeddable":true,"href":"https:\/\/informacionlocal.es\/it\/wp-json\/wp\/v2\/media\/2889"}],"wp:attachment":[{"href":"https:\/\/informacionlocal.es\/it\/wp-json\/wp\/v2\/media?parent=2892"}],"wp:term":[{"taxonomy":"category","embeddable":true,"href":"https:\/\/informacionlocal.es\/it\/wp-json\/wp\/v2\/categories?post=2892"},{"taxonomy":"post_tag","embeddable":true,"href":"https:\/\/informacionlocal.es\/it\/wp-json\/wp\/v2\/tags?post=2892"}],"curies":[{"name":"wp","href":"https:\/\/api.w.org\/{rel}","templated":true}]}}