{"id":2881,"date":"2025-05-02T12:17:08","date_gmt":"2025-05-02T12:17:08","guid":{"rendered":"https:\/\/informacionlocal.es\/artigiani-e-artigiane-insegnano-le-tecniche-di-base-dei-loro-mestieri-in-sei-laboratori\/"},"modified":"2025-05-02T12:17:08","modified_gmt":"2025-05-02T12:17:08","slug":"artigiani-e-artigiane-insegnano-le-tecniche-di-base-dei-loro-mestieri-in-sei-laboratori","status":"publish","type":"post","link":"https:\/\/informacionlocal.es\/it\/artigiani-e-artigiane-insegnano-le-tecniche-di-base-dei-loro-mestieri-in-sei-laboratori\/","title":{"rendered":"Artigiani e artigiane insegnano le tecniche di base dei loro mestieri in sei laboratori."},"content":{"rendered":"<div class=\"elementor-widget-container\">\n<p><strong>Artigiani e artigiane insegnano le tecniche di base dei loro mestieri in sei laboratori.<\/strong><\/p>\n<p><strong>&#8211; Ogni giorno della Fiera, grandi e piccini potranno partecipare a laboratori artigianali di macram\u00e8, argilla, pelletteria e decorazione tessile.  <\/strong><br \/><strong>&#8211; L&#8217;Organizzazione ricorda che per ogni acquisto alla Fiera dell&#8217;Artigianato Insulare, verr\u00e0 consegnato un biglietto della lotteria per un acquisto importante nella stessa Fiera.<\/strong><\/p>\n<p>La 36\u00aa Fiera dell&#8217;Artigianato Insulare offre ogni giorno di festa laboratori artigianali aperti e gratuiti, in cui gli stessi artigiani e artigiane insegnano tecniche di base dell&#8217;artigianato come il macram\u00e9, imparando a unire in nodi corde e fili per realizzare braccialetti o grucce, Si pu\u00f2 anche imparare a differenziare le diverse consistenze dell&#8217;argilla e scoprire qual \u00e8 la pi\u00f9 adatta per un pezzo o un altro, o divertirsi a decorare e tingere i tessuti per disegnare le proprie magliette, e si pu\u00f2 anche lavorare con la pelle per realizzare braccialetti, borsette e persino borse in pelle.<\/p>\n<p>Il sindaco di Antigua si congratula con gli artigiani e le artigiane non solo per la qualit\u00e0 del lavoro esposto, ma anche per il design e la decorazione che danno agli stand, molti dei quali li trasformano in laboratori per capire in cosa consiste il loro mestiere e quanto \u00e8 difficile.<\/p>\n<p>In questa occasione, il sindaco Mat\u00edas Pe\u00f1a si \u00e8 congratulato con ogni comune partecipante, nonch\u00e9 con il Cabildo di Gran Canaria e Fuerteventura, sottolineando la loro presenza nella tenda istituzionale, con disegni spettacolari, che mostrano la tradizione e la lavorazione delle perline caratteristica di ogni casa canaria.<\/p>\n<p>L&#8217;Assessore alla Cultura incoraggia i visitatori a visitare la Feria Insular de Artesan\u00eda, che offre il miglior artigianato canario, un programma di attivit\u00e0 e concerti interessanti, aggiunge Jonathan Pe\u00f1a, il tutto in un fine settimana soleggiato e primaverile da vivere in famiglia.<\/p>\n<p>La presidente della Fondazione Colectivo Mafasca, Nereida Brito, ricorda che per ogni acquisto effettuato viene consegnato un biglietto per partecipare all&#8217;estrazione di un importante acquisto artigianale alla Fiera dell&#8217;Artigianato Insulare.<\/p>\n<\/p>\n<\/div>\n","protected":false},"excerpt":{"rendered":"<p><strong>Artigiani e artigiane insegnano le tecniche di base dei loro mestieri in sei laboratori.<\/strong><\/p>\n","protected":false},"author":1,"featured_media":2877,"comment_status":"open","ping_status":"open","sticky":false,"template":"","format":"standard","meta":{"inline_featured_image":false,"jnews-multi-image_gallery":[],"jnews_single_post":[],"jnews_primary_category":[],"jnews_social_meta":[],"jnews_override_counter":[],"jnews_post_split":[],"footnotes":""},"categories":[282],"tags":[223],"class_list":["post-2881","post","type-post","status-publish","format-standard","has-post-thumbnail","hentry","category-antigua-it","tag-fuerteventura-it"],"jetpack_featured_media_url":"https:\/\/informacionlocal.es\/wp-content\/uploads\/2025\/05\/alcalde-y-concejal-en-la-feria-insular-de-artesania-scaled-1.jpg","_links":{"self":[{"href":"https:\/\/informacionlocal.es\/it\/wp-json\/wp\/v2\/posts\/2881","targetHints":{"allow":["GET"]}}],"collection":[{"href":"https:\/\/informacionlocal.es\/it\/wp-json\/wp\/v2\/posts"}],"about":[{"href":"https:\/\/informacionlocal.es\/it\/wp-json\/wp\/v2\/types\/post"}],"author":[{"embeddable":true,"href":"https:\/\/informacionlocal.es\/it\/wp-json\/wp\/v2\/users\/1"}],"replies":[{"embeddable":true,"href":"https:\/\/informacionlocal.es\/it\/wp-json\/wp\/v2\/comments?post=2881"}],"version-history":[{"count":0,"href":"https:\/\/informacionlocal.es\/it\/wp-json\/wp\/v2\/posts\/2881\/revisions"}],"wp:featuredmedia":[{"embeddable":true,"href":"https:\/\/informacionlocal.es\/it\/wp-json\/wp\/v2\/media\/2877"}],"wp:attachment":[{"href":"https:\/\/informacionlocal.es\/it\/wp-json\/wp\/v2\/media?parent=2881"}],"wp:term":[{"taxonomy":"category","embeddable":true,"href":"https:\/\/informacionlocal.es\/it\/wp-json\/wp\/v2\/categories?post=2881"},{"taxonomy":"post_tag","embeddable":true,"href":"https:\/\/informacionlocal.es\/it\/wp-json\/wp\/v2\/tags?post=2881"}],"curies":[{"name":"wp","href":"https:\/\/api.w.org\/{rel}","templated":true}]}}