{"id":2868,"date":"2025-05-02T11:48:08","date_gmt":"2025-05-02T11:48:08","guid":{"rendered":"https:\/\/informacionlocal.es\/la-campagna-comunale-di-vaccinazione-per-lidentificazione-degli-animali-si-svolge-questo-sabato-a-caleta-de-fuste-e-los-alares\/"},"modified":"2025-05-02T11:48:08","modified_gmt":"2025-05-02T11:48:08","slug":"la-campagna-comunale-di-vaccinazione-per-lidentificazione-degli-animali-si-svolge-questo-sabato-a-caleta-de-fuste-e-los-alares","status":"publish","type":"post","link":"https:\/\/informacionlocal.es\/it\/la-campagna-comunale-di-vaccinazione-per-lidentificazione-degli-animali-si-svolge-questo-sabato-a-caleta-de-fuste-e-los-alares\/","title":{"rendered":"La campagna comunale di vaccinazione per l&#8217;identificazione degli animali si svolge questo sabato a Caleta de Fuste e Los Alares."},"content":{"rendered":"<div class=\"elementor-widget-container\">\n<p><strong>La campagna comunale di vaccinazione per l&#8217;identificazione degli animali si svolge questo sabato a Caleta de Fuste e Los Alares.<\/strong><\/p>\n<p><strong>&#8211; La campagna comunale, iniziata ad aprile, prosegue questo sabato 3 maggio presso i centri culturali di Caleta de Fuste dalle 09:00 alle 13:00 e di Los Alares dalle 16:00 alle 20:00.  <\/strong><br \/><strong>&#8211; Il costo per l&#8217;identificazione \u00e8 di 15 euro e per la vaccinazione di 5 euro.<\/strong><\/p>\n<p>Il Dipartimento di Salute del Comune di Antigua continua la campagna di identificazione e vaccinazione antirabbica, rendendo pi\u00f9 facile per i proprietari di animali del comune, dice il sindaco, Mat\u00edas Pe\u00f1a, rispettare le norme, evitando viaggi e fornendo un costo economico per entrambe le azioni.<\/p>\n<p>L&#8217;assessore alla Sanit\u00e0, Lucila G. Ruiz, ci ricorda che questo sabato 3 maggio continuer\u00e0 nei centri culturali di Caleta de Fuste la mattina dalle 09:00 alle 13:00, e il pomeriggio a Los Alares dalle 16:00 alle 20:00. Il costo per l&#8217;identificazione \u00e8 di 15 euro e per la vaccinazione di 5 euro.<\/p>\n<p>L&#8217;assessore sottolinea che questa campagna comunale annuale \u00e8 rivolta agli animali registrati ad Antigua o i cui proprietari sono registrati in questo comune, dice Ruiz.<\/p>\n<p>La Campagna di vaccinazione e identificazione sanitaria nel Comune di Antigua si conclude il 10 maggio, la mattina presso la Scuola rurale di El Durazno ad Antigua e il pomeriggio presso il centro culturale di Casillas de Morales.<\/p>\n<\/p>\n<\/div>\n","protected":false},"excerpt":{"rendered":"<p><strong>La campagna comunale di vaccinazione per l&#8217;identificazione degli animali si svolge questo sabato a Caleta de Fuste e Los Alares.<\/strong><\/p>\n","protected":false},"author":1,"featured_media":2865,"comment_status":"open","ping_status":"open","sticky":false,"template":"","format":"standard","meta":{"inline_featured_image":false,"jnews-multi-image_gallery":[],"jnews_single_post":[],"jnews_primary_category":[],"jnews_social_meta":[],"jnews_override_counter":[],"jnews_post_split":[],"footnotes":""},"categories":[282],"tags":[257],"class_list":["post-2868","post","type-post","status-publish","format-standard","has-post-thumbnail","hentry","category-antigua-it","tag-salute"],"jetpack_featured_media_url":"https:\/\/informacionlocal.es\/wp-content\/uploads\/2025\/05\/antigua-anuncia-la-identificacion-y-vacunacion-antirrabica.jpg","_links":{"self":[{"href":"https:\/\/informacionlocal.es\/it\/wp-json\/wp\/v2\/posts\/2868","targetHints":{"allow":["GET"]}}],"collection":[{"href":"https:\/\/informacionlocal.es\/it\/wp-json\/wp\/v2\/posts"}],"about":[{"href":"https:\/\/informacionlocal.es\/it\/wp-json\/wp\/v2\/types\/post"}],"author":[{"embeddable":true,"href":"https:\/\/informacionlocal.es\/it\/wp-json\/wp\/v2\/users\/1"}],"replies":[{"embeddable":true,"href":"https:\/\/informacionlocal.es\/it\/wp-json\/wp\/v2\/comments?post=2868"}],"version-history":[{"count":0,"href":"https:\/\/informacionlocal.es\/it\/wp-json\/wp\/v2\/posts\/2868\/revisions"}],"wp:featuredmedia":[{"embeddable":true,"href":"https:\/\/informacionlocal.es\/it\/wp-json\/wp\/v2\/media\/2865"}],"wp:attachment":[{"href":"https:\/\/informacionlocal.es\/it\/wp-json\/wp\/v2\/media?parent=2868"}],"wp:term":[{"taxonomy":"category","embeddable":true,"href":"https:\/\/informacionlocal.es\/it\/wp-json\/wp\/v2\/categories?post=2868"},{"taxonomy":"post_tag","embeddable":true,"href":"https:\/\/informacionlocal.es\/it\/wp-json\/wp\/v2\/tags?post=2868"}],"curies":[{"name":"wp","href":"https:\/\/api.w.org\/{rel}","templated":true}]}}