{"id":2845,"date":"2025-05-02T01:15:45","date_gmt":"2025-05-02T01:15:45","guid":{"rendered":"https:\/\/informacionlocal.es\/al-via-la-fiera-dellartigianato-dellisola-di-fuerteventura-2025\/"},"modified":"2025-05-02T01:15:45","modified_gmt":"2025-05-02T01:15:45","slug":"al-via-la-fiera-dellartigianato-dellisola-di-fuerteventura-2025","status":"publish","type":"post","link":"https:\/\/informacionlocal.es\/it\/al-via-la-fiera-dellartigianato-dellisola-di-fuerteventura-2025\/","title":{"rendered":"Al via la Fiera dell&#8217;Artigianato dell&#8217;Isola di Fuerteventura 2025"},"content":{"rendered":"<div class=\"elementor-widget-container\">\n<p><strong>Al via la Fiera dell&#8217;Artigianato dell&#8217;Isola di Fuerteventura 2025<\/strong><\/p>\n<p><strong>&#8211; Circa 200 artigiani e artigiane di oltre 30 mestieri diversi.<\/strong><br \/><strong>&#8211; Oltre alle attrazioni della Fiera dell&#8217;Artigianato Insulare, c&#8217;\u00e8 anche un mercato alimentare con pi\u00f9 di 30 bancarelle di prodotti a chilometro zero.  <\/strong><br \/><strong>&#8211; Il sindaco di Antigua e il presidente del Collettivo Mafasca prevedono una fiera con un&#8217;alta affluenza e numerose vendite.<\/strong><\/p>\n<p>La Fiera dell&#8217;Artigianato Insulare inizia con il tradizionale taglio del nastro da parte del sindaco di Antigua, Mat\u00edas Pe\u00f1a, della presidente della Fondazione Colectivo Mafasca, Nereida Brito e della presidente del Cabildo di Fuerteventura, Lola Garc\u00eda, dell&#8217;assessore all&#8217;Artigianato dell&#8217;isola, Lolina Negr\u00edn e dell&#8217;assessore alla Cultura, Jonathan Pe\u00f1a.<\/p>\n<p>Come ogni anno siamo grati per la presenza dei 180 artigiani e artigiane che portano il loro miglior lavoro e artigianato da ciascuna delle Isole Canarie, siamo grati per la presenza di tutti i rappresentanti istituzionali che con la loro presenza sostengono questo importante evento artigianale per Fuerteventura e le Isole Canarie&#8221;, ha dichiarato il sindaco di Antigua, Mat\u00edas Pe\u00f1a, che si \u00e8 congratulato in anticipo con l&#8217;artigiana Bianca Spartari, che quest&#8217;anno riceve il Premio Insular de Artesan\u00eda.<\/p>\n<p>Vi invito a partecipare a questa Fiera dell&#8217;Artigianato e a sostenere questo settore con l&#8217;acquisto di uno o pi\u00f9 prodotti artigianali&#8221;, ha aggiunto Nereida Brito, &#8220;a partecipare ai laboratori artigianali di macram\u00e9, argilla, pelletteria o decorazione tessile e a godervi un programma di spettacoli mattutini e pomeridiani con gruppi folkloristici provenienti da tutti i comuni, oltre ai concerti di Silvestre Ram\u00edrez, Paco Perera e Los Gofiones.<\/p>\n<p>I rappresentanti dell&#8217;Organizzazione della Fiera dell&#8217;Artigianato Insulare hanno concluso concordando sull&#8217;invito a prestare attenzione ai mestieri tradizionali e sulla necessit\u00e0 di sostenere la continuit\u00e0 e il futuro dei mestieri che ci identificano e che dobbiamo sostenere e promuovere con formazione e laboratori che sostengano l&#8217;artigiano e generino nuovi apprendisti.<\/p>\n<p>La Presidente Lola Garc\u00eda ha sottolineato il forte sostegno che quest&#8217;anno il Cabildo di Fuerteventura ha dato alla Fiera dell&#8217;Artigianato dell&#8217;Isola, raddoppiando l&#8217;importo che viene versato in tempo per coprire i costi di un evento cos\u00ec eccezionale, che riunisce il meglio di ogni isola, giunto alla sua trentaseiesima edizione, e ha concluso, come ogni anno, congratulandosi con il Comune di Antigua e con il Collettivo Mafasca per l&#8217;ottimo risultato, che offre un fine settimana all&#8217;insegna del folklore, della tradizione e dell&#8217;artigianato.<\/p>\n<\/div>\n","protected":false},"excerpt":{"rendered":"<p><strong>Al via la Fiera dell&#8217;Artigianato dell&#8217;Isola di Fuerteventura 2025<\/strong><\/p>\n","protected":false},"author":1,"featured_media":2841,"comment_status":"open","ping_status":"open","sticky":false,"template":"","format":"standard","meta":{"inline_featured_image":false,"jnews-multi-image_gallery":[],"jnews_single_post":[],"jnews_primary_category":[],"jnews_social_meta":[],"jnews_override_counter":[],"jnews_post_split":[],"footnotes":""},"categories":[282],"tags":[223],"class_list":["post-2845","post","type-post","status-publish","format-standard","has-post-thumbnail","hentry","category-antigua-it","tag-fuerteventura-it"],"jetpack_featured_media_url":"https:\/\/informacionlocal.es\/wp-content\/uploads\/2025\/05\/fia-25-1.jpg","_links":{"self":[{"href":"https:\/\/informacionlocal.es\/it\/wp-json\/wp\/v2\/posts\/2845","targetHints":{"allow":["GET"]}}],"collection":[{"href":"https:\/\/informacionlocal.es\/it\/wp-json\/wp\/v2\/posts"}],"about":[{"href":"https:\/\/informacionlocal.es\/it\/wp-json\/wp\/v2\/types\/post"}],"author":[{"embeddable":true,"href":"https:\/\/informacionlocal.es\/it\/wp-json\/wp\/v2\/users\/1"}],"replies":[{"embeddable":true,"href":"https:\/\/informacionlocal.es\/it\/wp-json\/wp\/v2\/comments?post=2845"}],"version-history":[{"count":0,"href":"https:\/\/informacionlocal.es\/it\/wp-json\/wp\/v2\/posts\/2845\/revisions"}],"wp:featuredmedia":[{"embeddable":true,"href":"https:\/\/informacionlocal.es\/it\/wp-json\/wp\/v2\/media\/2841"}],"wp:attachment":[{"href":"https:\/\/informacionlocal.es\/it\/wp-json\/wp\/v2\/media?parent=2845"}],"wp:term":[{"taxonomy":"category","embeddable":true,"href":"https:\/\/informacionlocal.es\/it\/wp-json\/wp\/v2\/categories?post=2845"},{"taxonomy":"post_tag","embeddable":true,"href":"https:\/\/informacionlocal.es\/it\/wp-json\/wp\/v2\/tags?post=2845"}],"curies":[{"name":"wp","href":"https:\/\/api.w.org\/{rel}","templated":true}]}}