{"id":2833,"date":"2025-05-01T13:54:02","date_gmt":"2025-05-01T13:54:02","guid":{"rendered":"https:\/\/informacionlocal.es\/tuineje-si-congratula-con-mas-ruines-que-cain-per-la-medaglia-doro\/"},"modified":"2025-05-01T13:54:02","modified_gmt":"2025-05-01T13:54:02","slug":"tuineje-si-congratula-con-mas-ruines-que-cain-per-la-medaglia-doro","status":"publish","type":"post","link":"https:\/\/informacionlocal.es\/it\/tuineje-si-congratula-con-mas-ruines-que-cain-per-la-medaglia-doro\/","title":{"rendered":"Tuineje si congratula con M\u00e1s Ruines Que Ca\u00edn per la medaglia d&#8217;oro."},"content":{"rendered":"<div class=\"article-content-inner\">\n<h2 class=\"wp-block-heading\">Il collettivo culturale riconosciuto per il suo lavoro in difesa del patrimonio di Tuineje e Fuerteventura.<\/h2>\n<p>Il Comune di Tuineje esprime le sue pi\u00f9 sincere congratulazioni all&#8217;Asociaci\u00f3n Sociocultural M\u00e1s Ruines Que Ca\u00edn per aver ricevuto la <strong>Medaglia d&#8217;Oro delle Isole Canarie 2025<\/strong>, un riconoscimento concesso dal Governo delle Isole Canarie in onore del suo prezioso lavoro di difesa e promozione del patrimonio culturale e storico del comune di Tuineje e di tutta l&#8217;isola di Fuerteventura.<\/p>\n<p>L&#8217;Asociaci\u00f3n M\u00e1s Ruines Que Ca\u00edn si aggiudica questo premio per il suo costante impegno a favore della cultura locale, in particolare per la rappresentazione annuale dell&#8217;opera teatrale <em>El Bien y el Mal<\/em>, dichiarata Bene di Interesse Culturale, nonch\u00e9 per il suo ruolo fondamentale nella rivitalizzazione della Semana Santa di Tuineje e nelle molteplici iniziative che recuperano e valorizzano le tradizioni e l&#8217;identit\u00e0 del comune. Tutto questo \u00e8 possibile grazie allo sforzo collettivo dei suoi membri, al coinvolgimento dei volontari e al sostegno della comunit\u00e0. <\/p>\n<h2 class=\"wp-block-heading\">Impegno per la cultura e la memoria<\/h2>\n<p>L<strong>&#8216;assessore alla Cultura del Comune di Tuineje, Duce Garc\u00eda<\/strong>, ha dichiarato:<br \/><em>&#8220;Questo riconoscimento \u00e8 motivo di orgoglio per tutto il Comune. M\u00e1s Ruines Que Ca\u00edn \u00e8 stato in grado di mettere in contatto le nuove generazioni con le nostre radici e tradizioni attraverso l&#8217;arte e la partecipazione dei cittadini. La sua passione e dedizione alla cultura Majorero \u00e8 un esempio per tutti noi&#8221;.<\/em><\/p>\n<p>Da parte sua, <strong>la sindaca di Tuineje, Candelaria Umpi\u00e9rrez<\/strong>, ha voluto sottolineare che:<br \/><em>&#8220;Ricevere la Medaglia d&#8217;Oro delle Canarie \u00e8 un risultato che onora non solo questa associazione esemplare, ma tutta Tuineje. M\u00e1s Ruines Que Ca\u00edn rappresenta il meglio della nostra gente: la difesa dell&#8217;identit\u00e0, l&#8217;impegno sociale e l&#8217;amore per la nostra storia. Congratulazioni a tutto il collettivo e agli altri premiati di quest&#8217;anno&#8221;.<\/em><\/p>\n<p>La consegna delle quattordici Medaglie d&#8217;Oro delle Isole Canarie avverr\u00e0 il <strong>30 maggio<\/strong>, Giornata delle Isole Canarie, riconoscendo cos\u00ec individui ed entit\u00e0 che agiscono a beneficio della societ\u00e0 canaria in diversi campi come lo sport, l&#8217;imprenditoria, la cultura, l&#8217;identit\u00e0 e i diritti umani.<\/p>\n<p>Il Comune di Tuineje rinnova le sue <strong>congratulazioni al gruppo M\u00e1s Ruines Que Ca\u00edn<\/strong> e a tutte le persone ed entit\u00e0 riconosciute quest&#8217;anno dal Governo delle Isole Canarie.<\/p>\n<\/div>\n","protected":false},"excerpt":{"rendered":"<p>Il collettivo culturale riconosciuto per il suo lavoro in difesa del patrimonio di Tuineje e Fuerteventura. Il Comune di Tuineje esprime le sue pi\u00f9 sincere congratulazioni all&#8217;Asociaci\u00f3n Sociocultural M\u00e1s Ruines [&hellip;]<\/p>\n","protected":false},"author":1,"featured_media":2829,"comment_status":"open","ping_status":"open","sticky":false,"template":"","format":"standard","meta":{"inline_featured_image":false,"jnews-multi-image_gallery":[],"jnews_single_post":[],"jnews_primary_category":[],"jnews_social_meta":[],"jnews_override_counter":[],"jnews_post_split":[],"footnotes":""},"categories":[301],"tags":[223],"class_list":["post-2833","post","type-post","status-publish","format-standard","has-post-thumbnail","hentry","category-tuineje-it","tag-fuerteventura-it"],"jetpack_featured_media_url":"https:\/\/informacionlocal.es\/wp-content\/uploads\/2025\/05\/captura-de-pantalla-2025-04-22-a-las-19-05-38-1024x678-1.png","_links":{"self":[{"href":"https:\/\/informacionlocal.es\/it\/wp-json\/wp\/v2\/posts\/2833","targetHints":{"allow":["GET"]}}],"collection":[{"href":"https:\/\/informacionlocal.es\/it\/wp-json\/wp\/v2\/posts"}],"about":[{"href":"https:\/\/informacionlocal.es\/it\/wp-json\/wp\/v2\/types\/post"}],"author":[{"embeddable":true,"href":"https:\/\/informacionlocal.es\/it\/wp-json\/wp\/v2\/users\/1"}],"replies":[{"embeddable":true,"href":"https:\/\/informacionlocal.es\/it\/wp-json\/wp\/v2\/comments?post=2833"}],"version-history":[{"count":0,"href":"https:\/\/informacionlocal.es\/it\/wp-json\/wp\/v2\/posts\/2833\/revisions"}],"wp:featuredmedia":[{"embeddable":true,"href":"https:\/\/informacionlocal.es\/it\/wp-json\/wp\/v2\/media\/2829"}],"wp:attachment":[{"href":"https:\/\/informacionlocal.es\/it\/wp-json\/wp\/v2\/media?parent=2833"}],"wp:term":[{"taxonomy":"category","embeddable":true,"href":"https:\/\/informacionlocal.es\/it\/wp-json\/wp\/v2\/categories?post=2833"},{"taxonomy":"post_tag","embeddable":true,"href":"https:\/\/informacionlocal.es\/it\/wp-json\/wp\/v2\/tags?post=2833"}],"curies":[{"name":"wp","href":"https:\/\/api.w.org\/{rel}","templated":true}]}}