{"id":2808,"date":"2025-05-01T12:31:39","date_gmt":"2025-05-01T12:31:39","guid":{"rendered":"https:\/\/informacionlocal.es\/tarajalejo-ospita-il-suo-7-miglio-urbano-con-il-mare-come-sfondo\/"},"modified":"2025-05-01T12:31:39","modified_gmt":"2025-05-01T12:31:39","slug":"tarajalejo-ospita-il-suo-7-miglio-urbano-con-il-mare-come-sfondo","status":"publish","type":"post","link":"https:\/\/informacionlocal.es\/it\/tarajalejo-ospita-il-suo-7-miglio-urbano-con-il-mare-come-sfondo\/","title":{"rendered":"Tarajalejo ospita il suo 7\u00b0 Miglio Urbano con il mare come sfondo"},"content":{"rendered":"<div class=\"article-content-inner\">\n<p>Il Comune di Tuineje, attraverso l&#8217;Assessorato allo Sport, organizza la settima edizione del Miglio di Tarajalejo, che si terr\u00e0 gioved\u00ec 9 maggio alle ore 18:00 sul Paseo Mar\u00edtimo della cittadina costiera. Questo evento urbano, che \u00e8 diventato parte integrante del calendario sportivo comunale, invita gli atleti di tutte le et\u00e0 a godersi una giornata di atletica all&#8217;aria aperta. <\/p>\n<p>Il miglio urbano \u00e8 una forma di atletica in cui i concorrenti devono percorrere una distanza di 1.609 metri nel minor tempo possibile. A differenza di altre distanze pi\u00f9 lunghe, il miglio \u00e8 caratterizzato da intensit\u00e0 e dinamismo e in questa occasione si svolger\u00e0 nel centro della citt\u00e0, vicino al mare. <\/p>\n<div class=\"wp-block-image\">\n<figure class=\"aligncenter size-large is-resized\"><img fetchpriority=\"high\" decoding=\"async\" width=\"724\" height=\"1024\" src=\"https:\/\/informacionlocal.es\/wp-content\/uploads\/2025\/05\/cartel-milla-tarajalejo-2025-09-de-mayo-1-724x1024-1.jpg\" class=\"wp-image-7756\" title=\"cartel-milla-tarajalejo-2025-09-de-mayo-1-724x1024-1\"><\/figure>\n<\/div>\n<p>L&#8217;assessore allo sport, Dulce Garc\u00eda, ha dichiarato: <em>&#8220;Il Miglio di Tarajalejo non \u00e8 solo una gara, ma una grande festa dello sport. Vogliamo che la gente del posto, le famiglie e i visitatori partecipino e si godano l&#8217;atmosfera. Questo evento riflette il nostro impegno a promuovere l&#8217;attivit\u00e0 fisica e una sana convivenza&#8221;.<\/em><\/p>\n<p>Da parte sua, la sindaca di Tuineje, Candelaria Umpi\u00e9rrez, ha dichiarato: <em>&#8220;Il Comune continua a sostenere gli eventi che promuovono lo sport di base e che hanno un impatto positivo sul tessuto sociale ed economico locale. Il Miglio di Tarajalejo \u00e8 un esempio di come lo sport possa essere una forza trainante per lo sviluppo e la coesione&#8221;.<\/em><\/p>\n<p>Le iscrizioni sono aperte su www.cronolinecanarias.com e si prevede una grande affluenza di corridori locali e stranieri.<\/p>\n<\/div>\n","protected":false},"excerpt":{"rendered":"<p>Il Comune di Tuineje, attraverso l&#8217;Assessorato allo Sport, organizza la settima edizione del Miglio di Tarajalejo, che si terr\u00e0 gioved\u00ec 9 maggio alle ore 18:00 sul Paseo Mar\u00edtimo della cittadina [&hellip;]<\/p>\n","protected":false},"author":1,"featured_media":2801,"comment_status":"open","ping_status":"open","sticky":false,"template":"","format":"standard","meta":{"inline_featured_image":false,"jnews-multi-image_gallery":[],"jnews_single_post":[],"jnews_primary_category":[],"jnews_social_meta":[],"jnews_override_counter":[],"jnews_post_split":[],"footnotes":""},"categories":[301],"tags":[308],"class_list":["post-2808","post","type-post","status-publish","format-standard","has-post-thumbnail","hentry","category-tuineje-it","tag-eventos-it"],"jetpack_featured_media_url":"https:\/\/informacionlocal.es\/wp-content\/uploads\/2025\/05\/cartel-milla-tarajalejo-2025-09-de-mayo-scaled-e1746093567586.jpg","_links":{"self":[{"href":"https:\/\/informacionlocal.es\/it\/wp-json\/wp\/v2\/posts\/2808","targetHints":{"allow":["GET"]}}],"collection":[{"href":"https:\/\/informacionlocal.es\/it\/wp-json\/wp\/v2\/posts"}],"about":[{"href":"https:\/\/informacionlocal.es\/it\/wp-json\/wp\/v2\/types\/post"}],"author":[{"embeddable":true,"href":"https:\/\/informacionlocal.es\/it\/wp-json\/wp\/v2\/users\/1"}],"replies":[{"embeddable":true,"href":"https:\/\/informacionlocal.es\/it\/wp-json\/wp\/v2\/comments?post=2808"}],"version-history":[{"count":0,"href":"https:\/\/informacionlocal.es\/it\/wp-json\/wp\/v2\/posts\/2808\/revisions"}],"wp:featuredmedia":[{"embeddable":true,"href":"https:\/\/informacionlocal.es\/it\/wp-json\/wp\/v2\/media\/2801"}],"wp:attachment":[{"href":"https:\/\/informacionlocal.es\/it\/wp-json\/wp\/v2\/media?parent=2808"}],"wp:term":[{"taxonomy":"category","embeddable":true,"href":"https:\/\/informacionlocal.es\/it\/wp-json\/wp\/v2\/categories?post=2808"},{"taxonomy":"post_tag","embeddable":true,"href":"https:\/\/informacionlocal.es\/it\/wp-json\/wp\/v2\/tags?post=2808"}],"curies":[{"name":"wp","href":"https:\/\/api.w.org\/{rel}","templated":true}]}}