{"id":2780,"date":"2025-04-30T22:10:01","date_gmt":"2025-04-30T22:10:01","guid":{"rendered":"https:\/\/informacionlocal.es\/puerto-del-rosario-promuove-un-nuovo-sistema-di-contrattazione-dinamica-con-il-supporto-delluniversita-di-la-laguna\/"},"modified":"2025-04-30T22:10:01","modified_gmt":"2025-04-30T22:10:01","slug":"puerto-del-rosario-promuove-un-nuovo-sistema-di-contrattazione-dinamica-con-il-supporto-delluniversita-di-la-laguna","status":"publish","type":"post","link":"https:\/\/informacionlocal.es\/it\/puerto-del-rosario-promuove-un-nuovo-sistema-di-contrattazione-dinamica-con-il-supporto-delluniversita-di-la-laguna\/","title":{"rendered":"Puerto del Rosario promuove un nuovo sistema di contrattazione dinamica con il supporto dell&#8217;Universit\u00e0 di La Laguna."},"content":{"rendered":"<div class=\"entry-content\">\n<p>Il Comune di Puerto del Rosario ha lanciato il primo seminario di formazione sulla nuova procedura di appalto pubblico attraverso un Sistema Dinamico di Appalti, in collaborazione con l&#8217;Universit\u00e0 di La Laguna. L&#8217;iniziativa mira a promuovere la trasparenza, l&#8217;efficienza e la partecipazione delle imprese locali e dei liberi professionisti ai processi di appalto comunali. <\/p>\n<p>Durante l&#8217;apertura del workshop, <strong>il sindaco David<\/strong><strong>de Vera<\/strong> ha sottolineato che <em>&#8220;questo \u00e8 il primo passo verso la trasformazione del sistema di appalto delle forniture del Comune. Ci impegniamo per un modello agile e trasparente che garantisca una gestione efficiente delle risorse pubbliche&#8221;.<\/em> Il sindaco ha inoltre sottolineato l&#8217;importanza di procedere verso un approvvigionamento pi\u00f9 ordinato e accessibile dalla piattaforma pubblica, soprattutto per quanto riguarda l&#8217;applicazione dei fondi comunali. <\/p>\n<p>Da parte sua, l&#8217;<strong>assessore agli appalti,<\/strong><strong>Mar\u00eda Franco<\/strong>, ha spiegato che questo sistema <em>&#8220;non \u00e8 altro che una procedura pubblica, aperta e trasparente che faciliter\u00e0 una contrattazione pi\u00f9 flessibile ed efficiente&#8221;.<\/em> Ha aggiunto che il processo si articoler\u00e0 in due fasi: una prima fase di formazione, volta ad aiutare le imprese e i lavoratori autonomi ad apprendere come aderire al sistema; una seconda, incentrata su appalti specifici e sulla loro aggiudicazione. <\/p>\n<p>Il rappresentante dell&#8217;Universit\u00e0 di La Laguna, <strong>Javier Mendoza<\/strong>, \u00e8 intervenuto per chiarire che <em>&#8220;il sistema dinamico \u00e8 un meccanismo di razionalizzazione degli appalti pubblici che porr\u00e0 fine all&#8217;uso eccessivo di contratti minori&#8221;.<\/em><\/p>\n<p>Secondo Mendoza, questo nuovo approccio offre maggiori opportunit\u00e0 alle aziende, che ora potranno fare offerte per contratti pi\u00f9 rilevanti attraverso un processo trasparente e competitivo.<\/p>\n<p>Con questa giornata di formazione, il Comune di Puerto del Rosario rafforza il suo impegno per un&#8217;amministrazione moderna, efficiente e aperta, impegnata negli appalti pubblici in linea con i principi di equit\u00e0 e buon governo.<\/p>\n<\/div>\n","protected":false},"excerpt":{"rendered":"<p>Il Comune di Puerto del Rosario ha lanciato il primo seminario di formazione sulla nuova procedura di appalto pubblico attraverso un Sistema Dinamico di Appalti, in collaborazione con l&#8217;Universit\u00e0 di [&hellip;]<\/p>\n","protected":false},"author":1,"featured_media":2777,"comment_status":"open","ping_status":"open","sticky":false,"template":"","format":"standard","meta":{"inline_featured_image":false,"jnews-multi-image_gallery":[],"jnews_single_post":[],"jnews_primary_category":[],"jnews_social_meta":[],"jnews_override_counter":[],"jnews_post_split":[],"footnotes":""},"categories":[295],"tags":[],"class_list":["post-2780","post","type-post","status-publish","format-standard","has-post-thumbnail","hentry","category-puerto-del-rosario-it"],"jetpack_featured_media_url":"https:\/\/informacionlocal.es\/wp-content\/uploads\/2025\/04\/licitaciones-22-cerca-0425.jpg","_links":{"self":[{"href":"https:\/\/informacionlocal.es\/it\/wp-json\/wp\/v2\/posts\/2780","targetHints":{"allow":["GET"]}}],"collection":[{"href":"https:\/\/informacionlocal.es\/it\/wp-json\/wp\/v2\/posts"}],"about":[{"href":"https:\/\/informacionlocal.es\/it\/wp-json\/wp\/v2\/types\/post"}],"author":[{"embeddable":true,"href":"https:\/\/informacionlocal.es\/it\/wp-json\/wp\/v2\/users\/1"}],"replies":[{"embeddable":true,"href":"https:\/\/informacionlocal.es\/it\/wp-json\/wp\/v2\/comments?post=2780"}],"version-history":[{"count":0,"href":"https:\/\/informacionlocal.es\/it\/wp-json\/wp\/v2\/posts\/2780\/revisions"}],"wp:featuredmedia":[{"embeddable":true,"href":"https:\/\/informacionlocal.es\/it\/wp-json\/wp\/v2\/media\/2777"}],"wp:attachment":[{"href":"https:\/\/informacionlocal.es\/it\/wp-json\/wp\/v2\/media?parent=2780"}],"wp:term":[{"taxonomy":"category","embeddable":true,"href":"https:\/\/informacionlocal.es\/it\/wp-json\/wp\/v2\/categories?post=2780"},{"taxonomy":"post_tag","embeddable":true,"href":"https:\/\/informacionlocal.es\/it\/wp-json\/wp\/v2\/tags?post=2780"}],"curies":[{"name":"wp","href":"https:\/\/api.w.org\/{rel}","templated":true}]}}