{"id":2770,"date":"2025-04-30T13:29:19","date_gmt":"2025-04-30T13:29:19","guid":{"rendered":"https:\/\/informacionlocal.es\/il-comune-e-lasociacion-contra-el-cancer-promuovono-la-protezione-solare-e-le-pause-attive-nelle-scuole\/"},"modified":"2025-04-30T13:29:19","modified_gmt":"2025-04-30T13:29:19","slug":"il-comune-e-lasociacion-contra-el-cancer-promuovono-la-protezione-solare-e-le-pause-attive-nelle-scuole","status":"publish","type":"post","link":"https:\/\/informacionlocal.es\/it\/il-comune-e-lasociacion-contra-el-cancer-promuovono-la-protezione-solare-e-le-pause-attive-nelle-scuole\/","title":{"rendered":"Il Comune e l&#8217;Asociaci\u00f3n Contra el C\u00e1ncer promuovono la protezione solare e le pause attive nelle scuole"},"content":{"rendered":"<div class=\"elementor-widget-container\">\n<p><strong>Il Comune e l&#8217;Asociaci\u00f3n Contra el C\u00e1ncer promuovono la protezione solare e le pause attive nelle scuole<\/strong><\/p>\n<p><strong>&#8211; Gli studenti pi\u00f9 giovani di Triquivijate imparano i benefici delle pause attive e l&#8217;importanza delle buone abitudini alimentari e della protezione solare.<\/strong><\/p>\n<p>Il sindaco Mat\u00edas Pe\u00f1a e l&#8217;assessore ai Servizi Sociali e all&#8217;Educazione, Am\u00e9rica Soto Betancor, hanno visitato il CEIP Francisca P\u00e9rez di Triquivijate per chiedere ai bambini informazioni sulla loro partecipazione al progetto di buone abitudini salutari, insegnato in questi giorni dai volontari dell&#8217;Associazione Spagnola contro il Cancro di Fuerteventura.<\/p>\n<p>Il Dipartimento dei Servizi Sociali del Comune di Antigua sta collaborando con l&#8217;Associazione Spagnola contro il Cancro di Fuerteventura per promuovere il progetto &#8220;Affrontare l&#8217;obesit\u00e0 nelle scuole&#8221; presso la scuola primaria Francisca P\u00e9rez di Triquivijate.<\/p>\n<p>Tra le pratiche e le dinamiche create nel centro, tutti gli studenti del centro fanno pause attive quotidiane con l&#8217;obiettivo di aumentare l&#8217;attivit\u00e0 fisica degli studenti.<\/p>\n<p>Il progetto \u00e8 integrato da conferenze mensili, che ad aprile si sono concentrate sull&#8217;importanza della protezione solare per curare la pelle e prevenire malattie ed eventuali disturbi.<\/p>\n<p>L&#8217;Associazione, in coordinamento con il Comune di Antigua e i centri di studio, sta realizzando anche altri due progetti, Spazi liberi dal fumo, per ridurre l&#8217;abitudine al fumo, e Percorsi sani, per combattere gli stili di vita sedentari e promuovere il movimento e le pratiche che incoraggiano gli spostamenti a piedi e il godimento degli spazi aperti e della vita all&#8217;aria aperta.<\/p>\n<\/div>\n","protected":false},"excerpt":{"rendered":"<p><strong>Il Comune e l&#8217;Asociaci\u00f3n Contra el C\u00e1ncer promuovono la protezione solare e le pause attive nelle scuole<\/strong><\/p>\n","protected":false},"author":1,"featured_media":2765,"comment_status":"open","ping_status":"open","sticky":false,"template":"","format":"standard","meta":{"inline_featured_image":false,"jnews-multi-image_gallery":[],"jnews_single_post":[],"jnews_primary_category":[],"jnews_social_meta":[],"jnews_override_counter":[],"jnews_post_split":[],"footnotes":""},"categories":[282],"tags":[309,223],"class_list":["post-2770","post","type-post","status-publish","format-standard","has-post-thumbnail","hentry","category-antigua-it","tag-educacion-it","tag-fuerteventura-it"],"jetpack_featured_media_url":"https:\/\/informacionlocal.es\/wp-content\/uploads\/2025\/04\/ayuntamiento-y-asociacion-contra-el-cancer-promueven-proteccion-solar-y-pausas-activas-en-los-centros-escolares-1-scaled-1.jpg","_links":{"self":[{"href":"https:\/\/informacionlocal.es\/it\/wp-json\/wp\/v2\/posts\/2770","targetHints":{"allow":["GET"]}}],"collection":[{"href":"https:\/\/informacionlocal.es\/it\/wp-json\/wp\/v2\/posts"}],"about":[{"href":"https:\/\/informacionlocal.es\/it\/wp-json\/wp\/v2\/types\/post"}],"author":[{"embeddable":true,"href":"https:\/\/informacionlocal.es\/it\/wp-json\/wp\/v2\/users\/1"}],"replies":[{"embeddable":true,"href":"https:\/\/informacionlocal.es\/it\/wp-json\/wp\/v2\/comments?post=2770"}],"version-history":[{"count":0,"href":"https:\/\/informacionlocal.es\/it\/wp-json\/wp\/v2\/posts\/2770\/revisions"}],"wp:featuredmedia":[{"embeddable":true,"href":"https:\/\/informacionlocal.es\/it\/wp-json\/wp\/v2\/media\/2765"}],"wp:attachment":[{"href":"https:\/\/informacionlocal.es\/it\/wp-json\/wp\/v2\/media?parent=2770"}],"wp:term":[{"taxonomy":"category","embeddable":true,"href":"https:\/\/informacionlocal.es\/it\/wp-json\/wp\/v2\/categories?post=2770"},{"taxonomy":"post_tag","embeddable":true,"href":"https:\/\/informacionlocal.es\/it\/wp-json\/wp\/v2\/tags?post=2770"}],"curies":[{"name":"wp","href":"https:\/\/api.w.org\/{rel}","templated":true}]}}