{"id":2745,"date":"2025-04-30T12:56:19","date_gmt":"2025-04-30T12:56:19","guid":{"rendered":"https:\/\/informacionlocal.es\/i-festeggiamenti-del-sacro-cuore-di-maria-arrivano-a-tarajalejo\/"},"modified":"2025-04-30T12:56:19","modified_gmt":"2025-04-30T12:56:19","slug":"i-festeggiamenti-del-sacro-cuore-di-maria-arrivano-a-tarajalejo","status":"publish","type":"post","link":"https:\/\/informacionlocal.es\/it\/i-festeggiamenti-del-sacro-cuore-di-maria-arrivano-a-tarajalejo\/","title":{"rendered":"I festeggiamenti del Sacro Cuore di Maria arrivano a Tarajalejo"},"content":{"rendered":"<div class=\"article-content-inner\">\n<p>Il comune di Tuineje si sta preparando per una delle celebrazioni pi\u00f9 attese: il Festival del Sacro Cuore di Maria a Tarajalejo, che si svolger\u00e0 dall&#8217;1 all&#8217;11 maggio con un ampio programma di attivit\u00e0 tra cui eventi sportivi, culturali, religiosi e musicali rivolti a tutte le et\u00e0.<\/p>\n<p>Il programma, che inizia gioved\u00ec 1\u00b0 maggio con l&#8217;esposizione del disegno vincitore ispirato a Tarajalejo e il discorso di apertura degli abitanti del luogo, culminer\u00e0 domenica 11 maggio con una solenne funzione religiosa e la tradizionale processione marittima.<\/p>\n<figure class=\"wp-block-image size-large\"><img fetchpriority=\"high\" decoding=\"async\" width=\"1024\" height=\"724\" src=\"https:\/\/informacionlocal.es\/wp-content\/uploads\/2025\/04\/cartel-jpg-1-1024x724-1.jpg\" class=\"wp-image-7737\" title=\"cartel-jpg-1-1024x724-1\"><\/figure>\n<p>I momenti salienti includono la XV Romer\u00eda del Sagrado Coraz\u00f3n de Mar\u00eda, danze popolari all&#8217;aperto, laboratori, gare, tornei di calcio e di lotta al coperto, nonch\u00e9 serate di musica dal vivo con artisti locali e regionali.<\/p>\n<p>L&#8217;assessore alla Giovent\u00f9 e alle Feste, <strong>David Herrera<\/strong>, ha sottolineato che &#8220;abbiamo progettato un programma con molto amore, dove la tradizione e la partecipazione del quartiere sono i protagonisti. Invitiamo tutti i residenti e i visitatori a godere di questi festeggiamenti, pensati per unire la comunit\u00e0 e celebrare le nostre radici&#8221;.<\/p>\n<p>Da parte sua, la sindaca di Tuineje, <strong>Candelaria Umpi\u00e9rrez<\/strong>, ha sottolineato che &#8220;la Festa del Sacro Cuore di Maria \u00e8 un riflesso dello spirito e dell&#8217;identit\u00e0 di Tarajalejo. Da parte del Comune vogliamo ringraziare il coinvolgimento di tutte le persone e i gruppi che rendono possibile questa festa anno dopo anno. Sono giorni per condividere, godere e sentirsi orgogliosi delle nostre tradizioni&#8221;.<\/p>\n<p>Il Comune di Tuineje invita tutti i cittadini a partecipare attivamente a questi festeggiamenti che consolidano l&#8217;impegno del Comune per la cultura, la convivenza e lo sviluppo locale.<\/p>\n<\/div>\n","protected":false},"excerpt":{"rendered":"<p>Il comune di Tuineje si sta preparando per una delle celebrazioni pi\u00f9 attese: il Festival del Sacro Cuore di Maria a Tarajalejo, che si svolger\u00e0 dall&#8217;1 all&#8217;11 maggio con un [&hellip;]<\/p>\n","protected":false},"author":1,"featured_media":2737,"comment_status":"open","ping_status":"open","sticky":false,"template":"","format":"standard","meta":{"inline_featured_image":false,"jnews-multi-image_gallery":[],"jnews_single_post":[],"jnews_primary_category":[],"jnews_social_meta":[],"jnews_override_counter":[],"jnews_post_split":[],"footnotes":""},"categories":[301],"tags":[308],"class_list":["post-2745","post","type-post","status-publish","format-standard","has-post-thumbnail","hentry","category-tuineje-it","tag-eventos-it"],"jetpack_featured_media_url":"https:\/\/informacionlocal.es\/wp-content\/uploads\/2025\/04\/captura-de-pantalla-2025-04-30-a-las-13-07-07.png","_links":{"self":[{"href":"https:\/\/informacionlocal.es\/it\/wp-json\/wp\/v2\/posts\/2745","targetHints":{"allow":["GET"]}}],"collection":[{"href":"https:\/\/informacionlocal.es\/it\/wp-json\/wp\/v2\/posts"}],"about":[{"href":"https:\/\/informacionlocal.es\/it\/wp-json\/wp\/v2\/types\/post"}],"author":[{"embeddable":true,"href":"https:\/\/informacionlocal.es\/it\/wp-json\/wp\/v2\/users\/1"}],"replies":[{"embeddable":true,"href":"https:\/\/informacionlocal.es\/it\/wp-json\/wp\/v2\/comments?post=2745"}],"version-history":[{"count":0,"href":"https:\/\/informacionlocal.es\/it\/wp-json\/wp\/v2\/posts\/2745\/revisions"}],"wp:featuredmedia":[{"embeddable":true,"href":"https:\/\/informacionlocal.es\/it\/wp-json\/wp\/v2\/media\/2737"}],"wp:attachment":[{"href":"https:\/\/informacionlocal.es\/it\/wp-json\/wp\/v2\/media?parent=2745"}],"wp:term":[{"taxonomy":"category","embeddable":true,"href":"https:\/\/informacionlocal.es\/it\/wp-json\/wp\/v2\/categories?post=2745"},{"taxonomy":"post_tag","embeddable":true,"href":"https:\/\/informacionlocal.es\/it\/wp-json\/wp\/v2\/tags?post=2745"}],"curies":[{"name":"wp","href":"https:\/\/api.w.org\/{rel}","templated":true}]}}