{"id":2730,"date":"2025-04-30T12:48:01","date_gmt":"2025-04-30T12:48:01","guid":{"rendered":"https:\/\/informacionlocal.es\/gli-anziani-di-tuineje-hanno-messo-le-croci-di-riposo-del-comune\/"},"modified":"2025-04-30T12:48:01","modified_gmt":"2025-04-30T12:48:01","slug":"gli-anziani-di-tuineje-hanno-messo-le-croci-di-riposo-del-comune","status":"publish","type":"post","link":"https:\/\/informacionlocal.es\/it\/gli-anziani-di-tuineje-hanno-messo-le-croci-di-riposo-del-comune\/","title":{"rendered":"Gli anziani di Tuineje hanno messo le croci di riposo del comune."},"content":{"rendered":"<div class=\"article-content-inner\">\n<p>Il Comune di Tuineje ha celebrato una giornata emozionante in occasione della Giornata della Croce, che si commemora il 3 maggio, promuovendo una tradizione popolare: l&#8217;abbattimento delle croci di riposo e delle tre croci del Calvario presenti nel comune. L&#8217;attivit\u00e0 ha visto la partecipazione di un gruppo di anziani, che hanno contribuito con entusiasmo e saggezza a questa iniziativa che cerca di salvare e conservare la storia e le tradizioni locali. <\/p>\n<p>Durante la giornata, i partecipanti sono stati accompagnati dalla sindaca di Tuineje, Candelaria Umpi\u00e9rrez, dall&#8217;assessore agli Anziani, Noelia Garc\u00eda, e dall&#8217;assessore ai Giardini, Jonathan Pe\u00f1a, che hanno dimostrato il loro coinvolgimento e impegno per la conservazione del patrimonio culturale del comune.<\/p>\n<p>Le croci lungo la strada, storicamente collocate per iniziativa popolare, simboleggiano momenti significativi del passato locale: ricordi, tragedie o gioie che hanno segnato la memoria collettiva di Tuineje e che meritano di essere conservati.<\/p>\n<p>&#8220;La partecipazione dei nostri anziani a questa attivit\u00e0 non \u00e8 solo un gesto simbolico, ma un modo per rendere omaggio a coloro che hanno mantenuto vive queste tradizioni. Sono i custodi della nostra memoria e il loro coinvolgimento in questo progetto lo rende ancora pi\u00f9 speciale&#8221;, ha dichiarato <strong>Noelia Garc\u00eda<\/strong>, assessore agli anziani.<\/p>\n<p>Da parte sua, il sindaco <strong>Candelaria Umpi\u00e9rrez<\/strong> ha dichiarato che &#8220;con questa iniziativa rafforziamo i legami intergenerazionali e diamo valore agli elementi del paesaggio che raccontano la nostra storia&#8221;.<\/p>\n<p>Con questo tipo di attivit\u00e0, il Comune di Tuineje rafforza il suo impegno per la conservazione del patrimonio immateriale e la partecipazione attiva degli anziani alla vita del comune.<\/p>\n<\/div>\n","protected":false},"excerpt":{"rendered":"<p>Il Comune di Tuineje ha celebrato una giornata emozionante in occasione della Giornata della Croce, che si commemora il 3 maggio, promuovendo una tradizione popolare: l&#8217;abbattimento delle croci di riposo [&hellip;]<\/p>\n","protected":false},"author":1,"featured_media":2725,"comment_status":"open","ping_status":"open","sticky":false,"template":"","format":"standard","meta":{"inline_featured_image":false,"jnews-multi-image_gallery":[],"jnews_single_post":[],"jnews_primary_category":[],"jnews_social_meta":[],"jnews_override_counter":[],"jnews_post_split":[],"footnotes":""},"categories":[301],"tags":[],"class_list":["post-2730","post","type-post","status-publish","format-standard","has-post-thumbnail","hentry","category-tuineje-it"],"jetpack_featured_media_url":"https:\/\/informacionlocal.es\/wp-content\/uploads\/2025\/04\/enramado-1.jpeg","_links":{"self":[{"href":"https:\/\/informacionlocal.es\/it\/wp-json\/wp\/v2\/posts\/2730","targetHints":{"allow":["GET"]}}],"collection":[{"href":"https:\/\/informacionlocal.es\/it\/wp-json\/wp\/v2\/posts"}],"about":[{"href":"https:\/\/informacionlocal.es\/it\/wp-json\/wp\/v2\/types\/post"}],"author":[{"embeddable":true,"href":"https:\/\/informacionlocal.es\/it\/wp-json\/wp\/v2\/users\/1"}],"replies":[{"embeddable":true,"href":"https:\/\/informacionlocal.es\/it\/wp-json\/wp\/v2\/comments?post=2730"}],"version-history":[{"count":0,"href":"https:\/\/informacionlocal.es\/it\/wp-json\/wp\/v2\/posts\/2730\/revisions"}],"wp:featuredmedia":[{"embeddable":true,"href":"https:\/\/informacionlocal.es\/it\/wp-json\/wp\/v2\/media\/2725"}],"wp:attachment":[{"href":"https:\/\/informacionlocal.es\/it\/wp-json\/wp\/v2\/media?parent=2730"}],"wp:term":[{"taxonomy":"category","embeddable":true,"href":"https:\/\/informacionlocal.es\/it\/wp-json\/wp\/v2\/categories?post=2730"},{"taxonomy":"post_tag","embeddable":true,"href":"https:\/\/informacionlocal.es\/it\/wp-json\/wp\/v2\/tags?post=2730"}],"curies":[{"name":"wp","href":"https:\/\/api.w.org\/{rel}","templated":true}]}}