{"id":2717,"date":"2025-04-29T21:54:16","date_gmt":"2025-04-29T21:54:16","guid":{"rendered":"https:\/\/informacionlocal.es\/taste-puerto-del-rosario-verra-al-ceip-pablo-neruda-per-portare-i-prodotti-locali-ai-bambini-delle-scuole\/"},"modified":"2025-04-29T21:54:16","modified_gmt":"2025-04-29T21:54:16","slug":"taste-puerto-del-rosario-verra-al-ceip-pablo-neruda-per-portare-i-prodotti-locali-ai-bambini-delle-scuole","status":"publish","type":"post","link":"https:\/\/informacionlocal.es\/it\/taste-puerto-del-rosario-verra-al-ceip-pablo-neruda-per-portare-i-prodotti-locali-ai-bambini-delle-scuole\/","title":{"rendered":"Taste Puerto del Rosario verr\u00e0 al CEIP Pablo Neruda per portare i prodotti locali ai bambini delle scuole."},"content":{"rendered":"<div class=\"entry-content\">\n<p>Mercoled\u00ec 30 aprile, il CEIP Pablo Neruda di Puerto del Rosario sar\u00e0 teatro di una nuova edizione di <em>Saborea Puerto del Rosario<\/em>, un&#8217;iniziativa che promuove il consumo di prodotti locali e valorizza il lavoro del settore primario del comune.<\/p>\n<p>L&#8217;attivit\u00e0, rivolta alle scolaresche, si svolger\u00e0 tra le 10:00 e le 13:00. Attraverso uno stand itinerante, le scolaresche avranno l&#8217;opportunit\u00e0 di conoscere la ricchezza dei prodotti del Comune e gli sforzi dei suoi produttori. <\/p>\n<p>L&#8217;iniziativa \u00e8 promossa dal Dipartimento del Settore Primario del Comune di Puerto del Rosario, in collaborazione con l&#8217;azienda pubblica Gesti\u00f3n del Medio Rural de Canarias (GMR Canarias), dipendente dal Ministero dell&#8217;Agricoltura, dell&#8217;Allevamento, della Pesca e della Sovranit\u00e0 Alimentare del Governo delle Isole Canarie. Fa parte della strategia regionale <em>Crecer Juntos (Crescere insieme)<\/em> e del marchio <em>VolcanicXperience<\/em>, impegnati nel consumo locale e nella promozione dei prodotti isolani. <\/p>\n<p>Il Comune ribadisce cos\u00ec il suo impegno per la sostenibilit\u00e0, il sostegno ai professionisti del settore primario e la formazione delle nuove generazioni a valori come il consumo responsabile e il rispetto delle tradizioni locali.<\/p>\n<p>Gli alunni del CEIP Pablo Neruda sono invitati a partecipare a questa giornata alla scoperta dei sapori e delle tradizioni di Puerto del Rosario.<\/p>\n<\/div>\n","protected":false},"excerpt":{"rendered":"<p>Mercoled\u00ec 30 aprile, il CEIP Pablo Neruda di Puerto del Rosario sar\u00e0 teatro di una nuova edizione di Saborea Puerto del Rosario, un&#8217;iniziativa che promuove il consumo di prodotti locali [&hellip;]<\/p>\n","protected":false},"author":1,"featured_media":2713,"comment_status":"open","ping_status":"open","sticky":false,"template":"","format":"standard","meta":{"inline_featured_image":false,"jnews-multi-image_gallery":[],"jnews_single_post":[],"jnews_primary_category":[],"jnews_social_meta":[],"jnews_override_counter":[],"jnews_post_split":[],"footnotes":""},"categories":[295],"tags":[],"class_list":["post-2717","post","type-post","status-publish","format-standard","has-post-thumbnail","hentry","category-puerto-del-rosario-it"],"jetpack_featured_media_url":"https:\/\/informacionlocal.es\/wp-content\/uploads\/2025\/04\/saborea-pr-cartel-1.jpg","_links":{"self":[{"href":"https:\/\/informacionlocal.es\/it\/wp-json\/wp\/v2\/posts\/2717","targetHints":{"allow":["GET"]}}],"collection":[{"href":"https:\/\/informacionlocal.es\/it\/wp-json\/wp\/v2\/posts"}],"about":[{"href":"https:\/\/informacionlocal.es\/it\/wp-json\/wp\/v2\/types\/post"}],"author":[{"embeddable":true,"href":"https:\/\/informacionlocal.es\/it\/wp-json\/wp\/v2\/users\/1"}],"replies":[{"embeddable":true,"href":"https:\/\/informacionlocal.es\/it\/wp-json\/wp\/v2\/comments?post=2717"}],"version-history":[{"count":0,"href":"https:\/\/informacionlocal.es\/it\/wp-json\/wp\/v2\/posts\/2717\/revisions"}],"wp:featuredmedia":[{"embeddable":true,"href":"https:\/\/informacionlocal.es\/it\/wp-json\/wp\/v2\/media\/2713"}],"wp:attachment":[{"href":"https:\/\/informacionlocal.es\/it\/wp-json\/wp\/v2\/media?parent=2717"}],"wp:term":[{"taxonomy":"category","embeddable":true,"href":"https:\/\/informacionlocal.es\/it\/wp-json\/wp\/v2\/categories?post=2717"},{"taxonomy":"post_tag","embeddable":true,"href":"https:\/\/informacionlocal.es\/it\/wp-json\/wp\/v2\/tags?post=2717"}],"curies":[{"name":"wp","href":"https:\/\/api.w.org\/{rel}","templated":true}]}}