{"id":2704,"date":"2025-04-29T21:01:30","date_gmt":"2025-04-29T21:01:30","guid":{"rendered":"https:\/\/informacionlocal.es\/il-comune-di-puerto-del-rosario-promuove-un-progetto-di-educazione-ambientale-per-gli-alunni-delle-scuole\/"},"modified":"2025-04-29T21:01:30","modified_gmt":"2025-04-29T21:01:30","slug":"il-comune-di-puerto-del-rosario-promuove-un-progetto-di-educazione-ambientale-per-gli-alunni-delle-scuole","status":"publish","type":"post","link":"https:\/\/informacionlocal.es\/it\/il-comune-di-puerto-del-rosario-promuove-un-progetto-di-educazione-ambientale-per-gli-alunni-delle-scuole\/","title":{"rendered":"Il Comune di Puerto del Rosario promuove un progetto di educazione ambientale per gli alunni delle scuole."},"content":{"rendered":"<div class=\"entry-content\">\n<p>Il Comune di Puerto del Rosario, attraverso l&#8217;Assessorato all&#8217;Educazione, ha lanciato un progetto di educazione ambientale rivolto a tutti gli alunni delle scuole del comune, con l&#8217;obiettivo di promuovere la conoscenza, il rispetto e la conservazione dell&#8217;ambiente naturale e culturale.<\/p>\n<p>L&#8217;iniziativa, sviluppata dall&#8217;azienda specializzata <strong>&#8220;Naturalmente&#8221;,<\/strong> offre agli studenti l&#8217;opportunit\u00e0 di partecipare a visite guidate lungo la costa di Puerto del Rosario. Durante questi percorsi, gli studenti potranno conoscere infrastrutture emblematiche, scoprire la ricchezza storica e culturale del comune e le sue principali caratteristiche geografiche. <\/p>\n<p>Il sindaco di Puerto del Rosario, <strong>David de Vera<\/strong>, ha sottolineato l&#8217;importanza di questo tipo di azione per le nuove generazioni: <em>&#8220;Vogliamo che i nostri giovani crescano con un forte senso di appartenenza e di responsabilit\u00e0 nei confronti dell&#8217;ambiente. Puntare sull&#8217;educazione ambientale significa scommettere su un futuro pi\u00f9 sostenibile e rispettoso del nostro patrimonio naturale&#8221;, ha dichiarato<\/em>.<\/p>\n<p>Da parte sua, l&#8217;assessore all&#8217;Educazione, <strong>Juan Manuel Verdugo<\/strong>, ha sottolineato l&#8217;impegno del Comune per l&#8217;educazione integrale degli studenti: <em>&#8220;prendersi cura di ci\u00f2 che \u00e8 nostro \u00e8 compito di tutti. Con questo progetto cerchiamo di sensibilizzare i nostri alunni sull&#8217;importanza di proteggere l&#8217;ambiente e di conoscere le tradizioni e le ricchezze del nostro comune&#8221;,<\/em> ha spiegato.<\/p>\n<p>Il progetto fa parte delle azioni promosse dal Comune per promuovere la sostenibilit\u00e0, la consapevolezza ambientale e la lotta al cambiamento climatico, consolidando cos\u00ec l&#8217;impegno di Puerto del Rosario verso gli Obiettivi di Sviluppo Sostenibile (SDGs).<\/p>\n<\/div>\n","protected":false},"excerpt":{"rendered":"<p>Il Comune di Puerto del Rosario, attraverso l&#8217;Assessorato all&#8217;Educazione, ha lanciato un progetto di educazione ambientale rivolto a tutti gli alunni delle scuole del comune, con l&#8217;obiettivo di promuovere la [&hellip;]<\/p>\n","protected":false},"author":1,"featured_media":2701,"comment_status":"open","ping_status":"open","sticky":false,"template":"","format":"standard","meta":{"inline_featured_image":false,"jnews-multi-image_gallery":[],"jnews_single_post":[],"jnews_primary_category":[],"jnews_social_meta":[],"jnews_override_counter":[],"jnews_post_split":[],"footnotes":""},"categories":[295],"tags":[205,309],"class_list":["post-2704","post","type-post","status-publish","format-standard","has-post-thumbnail","hentry","category-puerto-del-rosario-it","tag-ambiente","tag-educacion-it"],"jetpack_featured_media_url":"https:\/\/informacionlocal.es\/wp-content\/uploads\/2025\/04\/medio-ambiente-22-verdugo-280425-monitores.jpg","_links":{"self":[{"href":"https:\/\/informacionlocal.es\/it\/wp-json\/wp\/v2\/posts\/2704","targetHints":{"allow":["GET"]}}],"collection":[{"href":"https:\/\/informacionlocal.es\/it\/wp-json\/wp\/v2\/posts"}],"about":[{"href":"https:\/\/informacionlocal.es\/it\/wp-json\/wp\/v2\/types\/post"}],"author":[{"embeddable":true,"href":"https:\/\/informacionlocal.es\/it\/wp-json\/wp\/v2\/users\/1"}],"replies":[{"embeddable":true,"href":"https:\/\/informacionlocal.es\/it\/wp-json\/wp\/v2\/comments?post=2704"}],"version-history":[{"count":0,"href":"https:\/\/informacionlocal.es\/it\/wp-json\/wp\/v2\/posts\/2704\/revisions"}],"wp:featuredmedia":[{"embeddable":true,"href":"https:\/\/informacionlocal.es\/it\/wp-json\/wp\/v2\/media\/2701"}],"wp:attachment":[{"href":"https:\/\/informacionlocal.es\/it\/wp-json\/wp\/v2\/media?parent=2704"}],"wp:term":[{"taxonomy":"category","embeddable":true,"href":"https:\/\/informacionlocal.es\/it\/wp-json\/wp\/v2\/categories?post=2704"},{"taxonomy":"post_tag","embeddable":true,"href":"https:\/\/informacionlocal.es\/it\/wp-json\/wp\/v2\/tags?post=2704"}],"curies":[{"name":"wp","href":"https:\/\/api.w.org\/{rel}","templated":true}]}}