{"id":2693,"date":"2025-04-29T14:05:40","date_gmt":"2025-04-29T14:05:40","guid":{"rendered":"https:\/\/informacionlocal.es\/due-festeggiamenti-caratterizzano-la-36a-fiera-dellartigianato-dellisola-di-questanno\/"},"modified":"2025-04-29T14:05:40","modified_gmt":"2025-04-29T14:05:40","slug":"due-festeggiamenti-caratterizzano-la-36a-fiera-dellartigianato-dellisola-di-questanno","status":"publish","type":"post","link":"https:\/\/informacionlocal.es\/it\/due-festeggiamenti-caratterizzano-la-36a-fiera-dellartigianato-dellisola-di-questanno\/","title":{"rendered":"Due festeggiamenti caratterizzano la 36\u00aa Fiera dell&#8217;Artigianato dell&#8217;Isola di quest&#8217;anno"},"content":{"rendered":"<div class=\"elementor-widget-container\">\n<p><strong>Due festeggiamenti caratterizzano la 36\u00aa Fiera dell&#8217;Artigianato dell&#8217;Isola di quest&#8217;anno<\/strong><\/p>\n<p><strong>&#8211; Tra la celebrazione della Festa del Lavoro e la Festa della Mamma, la Fiera celebra il lavoro dell&#8217;artigiano come mestiere e indica il modo migliore per ringraziare il ruolo della mamma con l&#8217;artigianato in materiali nobili e di qualit\u00e0.  <\/strong><br \/><strong>&#8211; \u00c8 stata confermata la presenza di circa 200 artigiani e artigiane delle Isole Canarie.  <\/strong><br \/><strong>&#8211; La 36\u00aa Fiera dell&#8217;Artigianato dell&#8217;Isola di Fuerteventura 2025 inizia questo gioved\u00ec 1 maggio alle ore 18:00.<\/strong><\/p>\n<p>Sono trentasei anni che si celebra la Fiera dell&#8217;Artigianato Insulare e quest&#8217;anno, per la prima volta, \u00e8 incorniciata tra le due principali festivit\u00e0 che danno inizio al mese di maggio, la Festa del Lavoro e la Festa della Mamma, dice il sindaco di Antigua, Mat\u00edas Pe\u00f1a, cosa che indubbiamente favorisce l&#8217;affluenza di visitatori da altre isole come Lanzarote e Gran Canaria, oltre che di turisti e Majoreros e Majoreras da tutti i comuni.<\/p>\n<p>Il sindaco \u00e8 grato per il sostegno del Cabildo di Fuerteventura, che attraverso il suo Dipartimento dell&#8217;Artigianato non solo ha raddoppiato il suo contributo a questo evento principale, ma ha anche anticipato le sue entrate per aiutare a sostenere l&#8217;importante costo che il Municipio di Antigua finanzia da trentasei anni.<\/p>\n<p>Questo gioved\u00ec alle ore 18:00 taglieremo il nastro per dare inizio a una nuova ed entusiasmante edizione della Fiera dell&#8217;Artigianato dell&#8217;Isola, afferma l&#8217;Assessore alla Cultura, Jonathan Pe\u00f1a, in cui potremo godere e sostenere con i nostri acquisti un settore che con il suo artigianato ci offre identit\u00e0, avanguardia e tradizione.<\/p>\n<p>Insieme ai volontari della Fundaci\u00f3n Colectivo Mafasca, stiamo mettendo a punto ogni dettaglio per offrire la migliore accoglienza agli artigiani e alle artigiane e per garantire il massimo comfort a tutti i partecipanti&#8221;, conclude l&#8217;assessore, che propone anche un ampio programma di laboratori artigianali per imparare i mestieri, esibizioni musicali di gruppi folcloristici di ogni comune, oltre ai concerti di Paco Perera, Silvestre Ram\u00edrez e dei gi\u00e0 annunciati Los Gofiones.<\/p>\n<\/div>\n","protected":false},"excerpt":{"rendered":"<p><strong>Due festeggiamenti caratterizzano la 36\u00aa Fiera dell&#8217;Artigianato dell&#8217;Isola di quest&#8217;anno<\/strong><\/p>\n","protected":false},"author":1,"featured_media":2689,"comment_status":"open","ping_status":"open","sticky":false,"template":"","format":"standard","meta":{"inline_featured_image":false,"jnews-multi-image_gallery":[],"jnews_single_post":[],"jnews_primary_category":[],"jnews_social_meta":[],"jnews_override_counter":[],"jnews_post_split":[],"footnotes":""},"categories":[282],"tags":[202,223],"class_list":["post-2693","post","type-post","status-publish","format-standard","has-post-thumbnail","hentry","category-antigua-it","tag-comuni","tag-fuerteventura-it"],"jetpack_featured_media_url":"https:\/\/informacionlocal.es\/wp-content\/uploads\/2025\/04\/fia-25-1.jpg","_links":{"self":[{"href":"https:\/\/informacionlocal.es\/it\/wp-json\/wp\/v2\/posts\/2693","targetHints":{"allow":["GET"]}}],"collection":[{"href":"https:\/\/informacionlocal.es\/it\/wp-json\/wp\/v2\/posts"}],"about":[{"href":"https:\/\/informacionlocal.es\/it\/wp-json\/wp\/v2\/types\/post"}],"author":[{"embeddable":true,"href":"https:\/\/informacionlocal.es\/it\/wp-json\/wp\/v2\/users\/1"}],"replies":[{"embeddable":true,"href":"https:\/\/informacionlocal.es\/it\/wp-json\/wp\/v2\/comments?post=2693"}],"version-history":[{"count":0,"href":"https:\/\/informacionlocal.es\/it\/wp-json\/wp\/v2\/posts\/2693\/revisions"}],"wp:featuredmedia":[{"embeddable":true,"href":"https:\/\/informacionlocal.es\/it\/wp-json\/wp\/v2\/media\/2689"}],"wp:attachment":[{"href":"https:\/\/informacionlocal.es\/it\/wp-json\/wp\/v2\/media?parent=2693"}],"wp:term":[{"taxonomy":"category","embeddable":true,"href":"https:\/\/informacionlocal.es\/it\/wp-json\/wp\/v2\/categories?post=2693"},{"taxonomy":"post_tag","embeddable":true,"href":"https:\/\/informacionlocal.es\/it\/wp-json\/wp\/v2\/tags?post=2693"}],"curies":[{"name":"wp","href":"https:\/\/api.w.org\/{rel}","templated":true}]}}