{"id":2680,"date":"2025-04-29T13:41:16","date_gmt":"2025-04-29T13:41:16","guid":{"rendered":"https:\/\/informacionlocal.es\/il-musicista-e-parrandero-juan-pena-e-il-banditore-delle-feste-di-triquivijate\/"},"modified":"2025-04-29T13:41:16","modified_gmt":"2025-04-29T13:41:16","slug":"il-musicista-e-parrandero-juan-pena-e-il-banditore-delle-feste-di-triquivijate","status":"publish","type":"post","link":"https:\/\/informacionlocal.es\/it\/il-musicista-e-parrandero-juan-pena-e-il-banditore-delle-feste-di-triquivijate\/","title":{"rendered":"Il musicista e parrandero Juan Pe\u00f1a \u00e8 il banditore delle feste di Triquivijate."},"content":{"rendered":"<div class=\"elementor-widget-container\">\n<p><strong>Il musicista e parrandero Juan Pe\u00f1a \u00e8 il banditore delle feste di Triquivijate.<\/strong><\/p>\n<p><strong>&#8211; Il sindaco di Antigua propone Juan Pe\u00f1a come banditore della citt\u00e0 e la Comisi\u00f3n de Fiestas Triquivijate (Comitato delle feste di Triquivijate) sostiene il suo vicino e promotore della musica e della parranda nel villaggio.<\/strong><\/p>\n<p><strong>&#8211; Le Feste di Triquivijate si celebrano da venerd\u00ec 2 al 15 maggio.<\/strong><\/p>\n<p>Le Feste di Triquivijate si svolgeranno dal 2 al 15 maggio, iniziando nel migliore dei modi, con un banditore cittadino di cui nessuno dubita e che tutti conoscono, il signor Juan Pe\u00f1a Cedr\u00e9s. Da quando l&#8217;ho proposto insieme all&#8217;assessore alle Feste, Pedro Armas, tutta la Commissione ha lavorato duramente per organizzare il miglior palcoscenico e spettacolo per accompagnare un vicino e un amico, dice il sindaco, Mat\u00edas Pe\u00f1a.<\/p>\n<p>Le Feste in onore di San Isidro Labrador e Santa Mar\u00eda de La Cabeza iniziano questo venerd\u00ec sera, a partire dalle ore 20:00, con il discorso di apertura di Juan Pe\u00f1a e un brindisi popolare di benvenuto, allietato dalle performance musicali del Duo Voces de Antonio y Loly e del DJ Valdivia.<\/p>\n<p>La Romer\u00eda inizier\u00e0 alle 18:00 dalla piazza del paese questo sabato, per concludersi con un Baile de Taifas e Verbena dalle 21:30 con le esibizioni della rondalla del Centro de Mayores de Antigua, della Parranda de Juan Pe\u00f1a, di Laly Lean e del gruppo N&#8217;Klave.<\/p>\n<p>Notti di festa a Triquivijate, sempre familiari e sempre accoglienti per tutti coloro che vogliono goderne, dice l&#8217;assessore Pedro Armas, che sottolinea il lavoro svolto dai vicini che partecipano al Comitato della Festa, riflettendo il loro coinvolgimento e la buona accoglienza che sono e sono sempre stati.<\/p>\n<p>Le Fiestas de Triquivijate proseguono la prossima settimana con tornei di mazzi di carte ed eventi popolari per tutti i gusti, come la masterclass di Zumba e il popolare barbecue, fino al fine settimana principale, che prevede feste per bambini, il concerto Mejor con Copas, feste fino a tarda notte con Gente Nueva, Nuevo Klan il venerd\u00ec sera e il sabato, Grupo Bomba y su Orquesta, nonch\u00e9 Arena de Gran Canaria e Banda Nueva de Lanzarote.<\/p>\n<\/p>\n<\/div>\n","protected":false},"excerpt":{"rendered":"<p><strong>Il musicista e parrandero Juan Pe\u00f1a \u00e8 il banditore delle feste di Triquivijate.<\/strong><\/p>\n","protected":false},"author":1,"featured_media":2677,"comment_status":"open","ping_status":"open","sticky":false,"template":"","format":"standard","meta":{"inline_featured_image":false,"jnews-multi-image_gallery":[],"jnews_single_post":[],"jnews_primary_category":[],"jnews_social_meta":[],"jnews_override_counter":[],"jnews_post_split":[],"footnotes":""},"categories":[282],"tags":[],"class_list":["post-2680","post","type-post","status-publish","format-standard","has-post-thumbnail","hentry","category-antigua-it"],"jetpack_featured_media_url":"https:\/\/informacionlocal.es\/wp-content\/uploads\/2025\/04\/imagen-de-whatsapp-2025-04-22-a-las-10-07-52_fee0d5e0.jpg","_links":{"self":[{"href":"https:\/\/informacionlocal.es\/it\/wp-json\/wp\/v2\/posts\/2680","targetHints":{"allow":["GET"]}}],"collection":[{"href":"https:\/\/informacionlocal.es\/it\/wp-json\/wp\/v2\/posts"}],"about":[{"href":"https:\/\/informacionlocal.es\/it\/wp-json\/wp\/v2\/types\/post"}],"author":[{"embeddable":true,"href":"https:\/\/informacionlocal.es\/it\/wp-json\/wp\/v2\/users\/1"}],"replies":[{"embeddable":true,"href":"https:\/\/informacionlocal.es\/it\/wp-json\/wp\/v2\/comments?post=2680"}],"version-history":[{"count":0,"href":"https:\/\/informacionlocal.es\/it\/wp-json\/wp\/v2\/posts\/2680\/revisions"}],"wp:featuredmedia":[{"embeddable":true,"href":"https:\/\/informacionlocal.es\/it\/wp-json\/wp\/v2\/media\/2677"}],"wp:attachment":[{"href":"https:\/\/informacionlocal.es\/it\/wp-json\/wp\/v2\/media?parent=2680"}],"wp:term":[{"taxonomy":"category","embeddable":true,"href":"https:\/\/informacionlocal.es\/it\/wp-json\/wp\/v2\/categories?post=2680"},{"taxonomy":"post_tag","embeddable":true,"href":"https:\/\/informacionlocal.es\/it\/wp-json\/wp\/v2\/tags?post=2680"}],"curies":[{"name":"wp","href":"https:\/\/api.w.org\/{rel}","templated":true}]}}