{"id":2669,"date":"2025-04-29T12:13:37","date_gmt":"2025-04-29T12:13:37","guid":{"rendered":"https:\/\/informacionlocal.es\/nella-storia-del-campionato-del-mondo-rally-ce-il-nome-del-giovane-copilota-antiguano-jonathan-hernandez\/"},"modified":"2025-04-29T12:13:37","modified_gmt":"2025-04-29T12:13:37","slug":"nella-storia-del-campionato-del-mondo-rally-ce-il-nome-del-giovane-copilota-antiguano-jonathan-hernandez","status":"publish","type":"post","link":"https:\/\/informacionlocal.es\/it\/nella-storia-del-campionato-del-mondo-rally-ce-il-nome-del-giovane-copilota-antiguano-jonathan-hernandez\/","title":{"rendered":"Nella storia del Campionato del Mondo Rally c&#8217;\u00e8 il nome del giovane copilota antiguano Jonathan Hern\u00e1ndez."},"content":{"rendered":"<div class=\"elementor-widget-container\">\n<p><strong>Nella storia del Campionato del Mondo Rally c&#8217;\u00e8 il nome del giovane copilota antiguano Jonathan Hern\u00e1ndez.<\/strong><\/p>\n<p><strong>&#8211; Antigua si congratula con la favolosa partecipazione del copilota Jonathan Hern\u00e1ndez al Rally de Canarias- Rally de Espa\u00f1a, che vale per il Campionato del Mondo.<\/strong><\/p>\n<p><strong>&#8211; Un sogno che si realizza e che prosegue a tutta velocit\u00e0 sull&#8217;asfalto delle isole e della penisola.<\/strong><\/p>\n<p><strong>&#8211; Il pilota Juan Carlos Quintana e il copilota Jonathan Hernandez sono riusciti a qualificarsi 14\u00b0 nel WRC2 e 2\u00b0 nel WRC MASTER CUP.<\/strong><\/p>\n<p>Il sindaco di Antigua, Mat\u00edas Pe\u00f1a Garc\u00eda, si congratula per l&#8217;impressionante carriera del giovane copilota Jonathan Hern\u00e1ndez che, in coppia con il pilota Juan Carlos Quintana, \u00e8 riuscito a posizionarsi tra i migliori, 14\u00b0 nel WRC2 e 2\u00b0 nel WRC MASTER CUP. E come dice Jonathan, realizzando il sogno di vedere il suo nome nella classifica di un Campionato del Mondo. <\/p>\n<p>\u00c8 stata un&#8217;esperienza incredibile, dice Jonathan, un evento che richiede molto lavoro, ma la soddisfazione di averlo portato a termine \u00e8 immensa.<\/p>\n<p>Tanti chilometri, tanti aneddoti e soprattutto ho imparato tante cose nuove, e come copilota ricorder\u00f2 sempre il calore e l&#8217;affetto di tutti i tifosi, soprattutto degli amici che erano l\u00ec, o dei familiari come mio padre, An\u00edbal, che \u00e8 stato con me in ogni momento.<\/p>\n<p>Grazie anche a Juan Carlos per aver voluto contare su di me per realizzare insieme questo sogno, partecipare a un evento WRC, e conclude Jonathan Hernandez, vedere il proprio nome nella storia di un campionato del mondo non si vede tutti i giorni, ne \u00e8 valsa la pena e lo ripeterei altre mille volte.<\/p>\n<\/div>\n","protected":false},"excerpt":{"rendered":"<p><strong>Nella storia del Campionato del Mondo Rally c&#8217;\u00e8 il nome del giovane copilota antiguano Jonathan Hern\u00e1ndez.<\/strong><\/p>\n","protected":false},"author":1,"featured_media":2665,"comment_status":"open","ping_status":"open","sticky":false,"template":"","format":"standard","meta":{"inline_featured_image":false,"jnews-multi-image_gallery":[],"jnews_single_post":[],"jnews_primary_category":[],"jnews_social_meta":[],"jnews_override_counter":[],"jnews_post_split":[],"footnotes":""},"categories":[282],"tags":[],"class_list":["post-2669","post","type-post","status-publish","format-standard","has-post-thumbnail","hentry","category-antigua-it"],"jetpack_featured_media_url":"https:\/\/informacionlocal.es\/wp-content\/uploads\/2025\/04\/fantastica-actuacion-de-jonathan-hernandez-y-juan-carlos-quintana.jpg","_links":{"self":[{"href":"https:\/\/informacionlocal.es\/it\/wp-json\/wp\/v2\/posts\/2669","targetHints":{"allow":["GET"]}}],"collection":[{"href":"https:\/\/informacionlocal.es\/it\/wp-json\/wp\/v2\/posts"}],"about":[{"href":"https:\/\/informacionlocal.es\/it\/wp-json\/wp\/v2\/types\/post"}],"author":[{"embeddable":true,"href":"https:\/\/informacionlocal.es\/it\/wp-json\/wp\/v2\/users\/1"}],"replies":[{"embeddable":true,"href":"https:\/\/informacionlocal.es\/it\/wp-json\/wp\/v2\/comments?post=2669"}],"version-history":[{"count":0,"href":"https:\/\/informacionlocal.es\/it\/wp-json\/wp\/v2\/posts\/2669\/revisions"}],"wp:featuredmedia":[{"embeddable":true,"href":"https:\/\/informacionlocal.es\/it\/wp-json\/wp\/v2\/media\/2665"}],"wp:attachment":[{"href":"https:\/\/informacionlocal.es\/it\/wp-json\/wp\/v2\/media?parent=2669"}],"wp:term":[{"taxonomy":"category","embeddable":true,"href":"https:\/\/informacionlocal.es\/it\/wp-json\/wp\/v2\/categories?post=2669"},{"taxonomy":"post_tag","embeddable":true,"href":"https:\/\/informacionlocal.es\/it\/wp-json\/wp\/v2\/tags?post=2669"}],"curies":[{"name":"wp","href":"https:\/\/api.w.org\/{rel}","templated":true}]}}