{"id":2658,"date":"2025-04-29T05:38:14","date_gmt":"2025-04-29T05:38:14","guid":{"rendered":"https:\/\/informacionlocal.es\/puerto-del-rosario-promuove-la-riconciliazione-familiare-con-il-progetto-conciliazione-e-corresponsabilita-202\/"},"modified":"2025-04-29T05:38:14","modified_gmt":"2025-04-29T05:38:14","slug":"puerto-del-rosario-promuove-la-riconciliazione-familiare-con-il-progetto-conciliazione-e-corresponsabilita-202","status":"publish","type":"post","link":"https:\/\/informacionlocal.es\/it\/puerto-del-rosario-promuove-la-riconciliazione-familiare-con-il-progetto-conciliazione-e-corresponsabilita-202\/","title":{"rendered":"Puerto del Rosario promuove la riconciliazione familiare con il progetto &#8220;Conciliazione e corresponsabilit\u00e0 202&#8221;."},"content":{"rendered":"<div class=\"entry-content\">\n<p><strong>Puerto del Rosario diventa l&#8217;unico comune di Fuerteventura a partecipare al Piano di corresponsabilit\u00e0, ricevendo una sovvenzione di 000 euro per promuovere la riconciliazione familiare.<\/strong><\/p>\n<p>Il Comune di Puerto del Rosario, in collaborazione con la Federaci\u00f3n Insular Majorera de Padres, Madres y Alumnado (FIMAPA), ha firmato un accordo per l&#8217;attuazione del progetto <strong>&#8220;Conciliaci\u00f3n Corresponsables 2025&#8221;,<\/strong> nell&#8217;ambito del <strong>Plan Corresponsables<\/strong>, promosso dal Ministero dell&#8217;Uguaglianza attraverso la Segreteria di Stato per l&#8217;Uguaglianza e per l&#8217;Eliminazione della Violenza contro le Donne.<\/p>\n<p>Grazie a questo accordo, il comune \u00e8 <strong>l&#8217;unico a Fuerteventura<\/strong> a beneficiare di questa sovvenzione statale, ricevendo <strong>100.000 euro<\/strong> di finanziamenti volti a promuovere la conciliazione della vita personale, familiare e lavorativa delle famiglie.<\/p>\n<p>L&#8217;obiettivo principale del <strong>Piano Corresponsables<\/strong>, lanciato nel 2021, \u00e8 consolidare il diritto all&#8217;assistenza in Spagna in una prospettiva di parit\u00e0 di genere, in conformit\u00e0 con l&#8217;articolo 44 della Legge Organica 3\/2007, del 22 marzo. Attraverso questo programma si promuove la creazione di servizi di assistenza per i minori fino a 16 anni, favorendo allo stesso tempo un&#8217;occupazione di qualit\u00e0 nel settore dell&#8217;assistenza. <\/p>\n<p>Il progetto &#8220;Conciliaci\u00f3n Corresponsables 2025&#8221; comprende un&#8217;ampia gamma di attivit\u00e0 rivolte ai bambini tra i <strong>3 e i 16 anni<\/strong> in spazi pubblici e privati del comune, tra cui <strong>campi estivi<\/strong>, <strong>servizi di accoglienza precoce e tardiva<\/strong> organizzati dalle AMPA di Puerto del Rosario, nonch\u00e9 attivit\u00e0 <strong>educative per il tempo libero nei fine settimana<\/strong>.<\/p>\n<p>Il <strong>campo &#8220;Los Baifitos&#8221;<\/strong> sar\u00e0 una delle iniziative principali di questo progetto. Si svolger\u00e0 dal <strong>30 giugno all&#8217;8 agosto<\/strong>, con <strong>40 bambini a settimana<\/strong> e un totale di <strong>240 partecipanti<\/strong> in sei settimane. Le <strong>iscrizioni<\/strong> si aprono <strong>marted\u00ec<\/strong><strong> 29 aprile<\/strong> e rimarranno aperte fino al raggiungimento della capienza massima per ogni settimana.  <\/p>\n<p>Il sindaco di Puerto del Rosario, <strong>David de Vera<\/strong>, ha sottolineato l&#8217;importanza di questa iniziativa: <em>&#8220;Questo progetto riflette il nostro fermo impegno per l&#8217;uguaglianza e il benessere sociale, offrendo alle famiglie alternative reali per conciliare la vita lavorativa e personale durante il periodo estivo&#8221;.<\/em><\/p>\n<p>Da parte sua, la Consigliera di parit\u00e0 <strong>Tacoremi Guti\u00e9rrez<\/strong> ha sottolineato:<br \/><em>&#8220;Vogliamo creare spazi sicuri, ludici ed educativi per i bambini e i giovani, alleggerendo il peso della cura che storicamente \u00e8 ricaduto in modo diseguale sulle donne&#8221;.<\/em><\/p>\n<p>Infine, la presidente della FIMAPA, <strong>Grimanesa Gonz\u00e1lez<\/strong>, ha espresso la sua soddisfazione per l&#8217;accordo raggiunto: <em>&#8220;La FIMAPA \u00e8 lieta di far parte di questo progetto cos\u00ec necessario, che consentir\u00e0 a molti bambini di Puerto del Rosario di trascorrere un&#8217;estate all&#8217;insegna dell&#8217;apprendimento, dello sport e del divertimento, mentre le loro famiglie potranno contare su una rete di sostegno solida e impegnata&#8221;.<\/em><\/p>\n<p>Con l&#8217;attuazione del progetto &#8220;Conciliaci\u00f3n Corresponsables 2025&#8221;, Puerto del Rosario riafferma la sua leadership nell&#8217;impegno a favore delle politiche pubbliche per la conciliazione vita-lavoro, l&#8217;uguaglianza e il benessere dei bambini, consolidandosi come comune di riferimento nel progresso verso una societ\u00e0 pi\u00f9 equa e inclusiva.<\/p>\n<\/div>\n","protected":false},"excerpt":{"rendered":"<p>Puerto del Rosario diventa l&#8217;unico comune di Fuerteventura a partecipare al Piano di corresponsabilit\u00e0, ricevendo una sovvenzione di 000 euro per promuovere la riconciliazione familiare. Il Comune di Puerto del [&hellip;]<\/p>\n","protected":false},"author":1,"featured_media":2653,"comment_status":"open","ping_status":"open","sticky":false,"template":"","format":"standard","meta":{"inline_featured_image":false,"jnews-multi-image_gallery":[],"jnews_single_post":[],"jnews_primary_category":[],"jnews_social_meta":[],"jnews_override_counter":[],"jnews_post_split":[],"footnotes":""},"categories":[295],"tags":[223],"class_list":["post-2658","post","type-post","status-publish","format-standard","has-post-thumbnail","hentry","category-puerto-del-rosario-it","tag-fuerteventura-it"],"jetpack_featured_media_url":"https:\/\/informacionlocal.es\/wp-content\/uploads\/2025\/04\/conciliacion-22-familiar-grupo-y-tv.jpg","_links":{"self":[{"href":"https:\/\/informacionlocal.es\/it\/wp-json\/wp\/v2\/posts\/2658","targetHints":{"allow":["GET"]}}],"collection":[{"href":"https:\/\/informacionlocal.es\/it\/wp-json\/wp\/v2\/posts"}],"about":[{"href":"https:\/\/informacionlocal.es\/it\/wp-json\/wp\/v2\/types\/post"}],"author":[{"embeddable":true,"href":"https:\/\/informacionlocal.es\/it\/wp-json\/wp\/v2\/users\/1"}],"replies":[{"embeddable":true,"href":"https:\/\/informacionlocal.es\/it\/wp-json\/wp\/v2\/comments?post=2658"}],"version-history":[{"count":0,"href":"https:\/\/informacionlocal.es\/it\/wp-json\/wp\/v2\/posts\/2658\/revisions"}],"wp:featuredmedia":[{"embeddable":true,"href":"https:\/\/informacionlocal.es\/it\/wp-json\/wp\/v2\/media\/2653"}],"wp:attachment":[{"href":"https:\/\/informacionlocal.es\/it\/wp-json\/wp\/v2\/media?parent=2658"}],"wp:term":[{"taxonomy":"category","embeddable":true,"href":"https:\/\/informacionlocal.es\/it\/wp-json\/wp\/v2\/categories?post=2658"},{"taxonomy":"post_tag","embeddable":true,"href":"https:\/\/informacionlocal.es\/it\/wp-json\/wp\/v2\/tags?post=2658"}],"curies":[{"name":"wp","href":"https:\/\/api.w.org\/{rel}","templated":true}]}}