{"id":2646,"date":"2025-04-29T05:33:38","date_gmt":"2025-04-29T05:33:38","guid":{"rendered":"https:\/\/informacionlocal.es\/puerto-del-rosario-promuove-il-futuro-culturale-di-la-matilla-con-linizio-dei-lavori-di-demolizione-del-centro-storico\/"},"modified":"2025-04-29T05:33:38","modified_gmt":"2025-04-29T05:33:38","slug":"puerto-del-rosario-promuove-il-futuro-culturale-di-la-matilla-con-linizio-dei-lavori-di-demolizione-del-centro-storico","status":"publish","type":"post","link":"https:\/\/informacionlocal.es\/it\/puerto-del-rosario-promuove-il-futuro-culturale-di-la-matilla-con-linizio-dei-lavori-di-demolizione-del-centro-storico\/","title":{"rendered":"Puerto del Rosario promuove il futuro culturale di La Matilla con l&#8217;inizio dei lavori di demolizione del centro storico."},"content":{"rendered":"<div class=\"entry-content\">\n<p>Il Municipio di Puerto del Rosario ha compiuto un passo decisivo per il futuro di La Matilla questo luned\u00ec 28 aprile, con la firma dell&#8217;atto di inizio lavori del progetto <strong>&#8220;Demolizione del vecchio Centro Culturale di La Matilla&#8221;<\/strong>. Questa struttura, che da anni presentava gravi problemi strutturali, aveva smesso di essere uno spazio sicuro per i vicini. <\/p>\n<p>Questa azione \u00e8 la prima pietra miliare nel processo di costruzione di un nuovo centro culturale, moderno e adattato alle esigenze attuali, che sar\u00e0 restituito al villaggio di La Matilla come luogo di incontro, rivitalizzazione sociale e sviluppo della comunit\u00e0.<\/p>\n<p>Il Comune sottolinea che questo intervento risponde a un&#8217;esigenza storica della citt\u00e0 e che rappresenta un significativo passo avanti nel miglioramento della qualit\u00e0 della vita nel comune, soprattutto a La Matilla e nei suoi dintorni.<\/p>\n<p><em>&#8220;Sappiamo quanto sia importante avere luoghi che favoriscano la convivenza e l&#8217;attivit\u00e0 culturale, ed \u00e8 per questo che questo progetto era una priorit\u00e0&#8221;,<\/em> ha dichiarato il sindaco <strong>David de Vera<\/strong>, che ha anche <strong>ringraziato<\/strong> i residenti di La Matilla <strong>per il loro sostegno e la loro pazienza<\/strong> durante tutto il processo.<\/p>\n<p>Da parte sua, l&#8217;assessore ai Lavori, <strong>Ana Hern\u00e1ndez<\/strong>, ha sottolineato l&#8217;impegno comunale per il rinnovamento delle infrastrutture pubbliche: <em>&#8220;il nuovo centro sar\u00e0 un motore di attivit\u00e0 sociali, culturali ed educative, aperto a tutti&#8221;, ha<\/em> detto Hern\u00e1ndez, che ha sottolineato l&#8217;<strong>importanza di investire in strutture pubbliche accessibili e moderne<\/strong>.<\/p>\n<p>La demolizione del vecchio edificio sar\u00e0 effettuata nel rispetto di tutte le misure di sicurezza e di rispetto per l&#8217;ambiente, e il Comune prevede di assegnare il progetto per la costruzione del nuovo centro nelle prossime settimane, con inizio dei lavori previsto per quest&#8217;anno.<\/p>\n<p>Con questa azione, Puerto del Rosario rafforza il suo impegno per gli spazi di convivenza e partecipazione dei cittadini, guardando al futuro delle sue citt\u00e0 e dei suoi quartieri e rafforzando il tessuto sociale dell&#8217;intero comune.<\/p>\n<\/div>\n","protected":false},"excerpt":{"rendered":"<p>Il Municipio di Puerto del Rosario ha compiuto un passo decisivo per il futuro di La Matilla questo luned\u00ec 28 aprile, con la firma dell&#8217;atto di inizio lavori del progetto [&hellip;]<\/p>\n","protected":false},"author":1,"featured_media":2641,"comment_status":"open","ping_status":"open","sticky":false,"template":"","format":"standard","meta":{"inline_featured_image":false,"jnews-multi-image_gallery":[],"jnews_single_post":[],"jnews_primary_category":[],"jnews_social_meta":[],"jnews_override_counter":[],"jnews_post_split":[],"footnotes":""},"categories":[295],"tags":[],"class_list":["post-2646","post","type-post","status-publish","format-standard","has-post-thumbnail","hentry","category-puerto-del-rosario-it"],"jetpack_featured_media_url":"https:\/\/informacionlocal.es\/wp-content\/uploads\/2025\/04\/la-matilla-titu-obras.jpg","_links":{"self":[{"href":"https:\/\/informacionlocal.es\/it\/wp-json\/wp\/v2\/posts\/2646","targetHints":{"allow":["GET"]}}],"collection":[{"href":"https:\/\/informacionlocal.es\/it\/wp-json\/wp\/v2\/posts"}],"about":[{"href":"https:\/\/informacionlocal.es\/it\/wp-json\/wp\/v2\/types\/post"}],"author":[{"embeddable":true,"href":"https:\/\/informacionlocal.es\/it\/wp-json\/wp\/v2\/users\/1"}],"replies":[{"embeddable":true,"href":"https:\/\/informacionlocal.es\/it\/wp-json\/wp\/v2\/comments?post=2646"}],"version-history":[{"count":0,"href":"https:\/\/informacionlocal.es\/it\/wp-json\/wp\/v2\/posts\/2646\/revisions"}],"wp:featuredmedia":[{"embeddable":true,"href":"https:\/\/informacionlocal.es\/it\/wp-json\/wp\/v2\/media\/2641"}],"wp:attachment":[{"href":"https:\/\/informacionlocal.es\/it\/wp-json\/wp\/v2\/media?parent=2646"}],"wp:term":[{"taxonomy":"category","embeddable":true,"href":"https:\/\/informacionlocal.es\/it\/wp-json\/wp\/v2\/categories?post=2646"},{"taxonomy":"post_tag","embeddable":true,"href":"https:\/\/informacionlocal.es\/it\/wp-json\/wp\/v2\/tags?post=2646"}],"curies":[{"name":"wp","href":"https:\/\/api.w.org\/{rel}","templated":true}]}}