{"id":2634,"date":"2025-04-28T15:40:08","date_gmt":"2025-04-28T15:40:08","guid":{"rendered":"https:\/\/informacionlocal.es\/secondo-percorso-e-seconda-sfida-raggiunti-dagli-escursionisti-di-antigua-se-mueve\/"},"modified":"2025-04-28T15:40:08","modified_gmt":"2025-04-28T15:40:08","slug":"secondo-percorso-e-seconda-sfida-raggiunti-dagli-escursionisti-di-antigua-se-mueve","status":"publish","type":"post","link":"https:\/\/informacionlocal.es\/it\/secondo-percorso-e-seconda-sfida-raggiunti-dagli-escursionisti-di-antigua-se-mueve\/","title":{"rendered":"Secondo percorso e seconda sfida raggiunti dagli escursionisti di Antigua se Mueve"},"content":{"rendered":"<div class=\"elementor-widget-container\">\n<p><strong>Secondo percorso e seconda sfida raggiunta dai camminatori di Antigua se Mueve<\/strong><\/p>\n<p><strong>&#8211; N\u00e9 le nuvole, n\u00e9 la foschia, n\u00e9 il vento hanno rallentato gli escursionisti di Antigua che sono andati da Corralejo a Lajares, arrampicandosi sui sentieri indicati da vulcani e montagne.<\/strong><\/p>\n<p><strong>&#8211; C&#8217;\u00e8 stata anche la tradizionale enyesque finale, che ha riunito tutti i camminatori attorno a un tavolo dove hanno potuto discutere ogni momento della camminata.<\/strong><\/p>\n<p>I dipartimenti della Giovent\u00f9 e dello Sport del Comune di Antigua organizzano questo piano di passeggiate salutari di varia difficolt\u00e0 e per tutte le et\u00e0, preferibilmente quelle registrate nel Comune, facilitando gli spostamenti da Antigua, fornendo un team di guide che spiegano ogni passo lungo il percorso e offrendo un pranzo finale per recuperare le forze.<\/p>\n<p>N\u00e9 le nuvole, n\u00e9 la foschia, n\u00e9 il vento hanno rallentato gli escursionisti di Antigua che sono andati da Corralejo a Lajares, arrampicandosi sui sentieri indicati da vulcani e montagne.<\/p>\n<p>Il prossimo percorso organizzato sar\u00e0 il 24 maggio, un&#8217;escursione di quattro ore di media difficolt\u00e0 che raggiunger\u00e0 la gambuesa dell&#8217;Alto del Jurado.<\/p>\n<p>Le iscrizioni per ogni percorso sono sempre aperte con quindici giorni di anticipo, registrandosi presso il Municipio di Antigua, l&#8217;Ufficio del Sindaco a Caleta de Fuste o attraverso il sito web.<\/p>\n<p>Antigua se Mueve \u00e8 un programma di un totale di sette passeggiate, che dopo maggio proseguono a giugno da Valles de Ortega a Tiscamanita su un percorso notturno, a luglio da Guisguey a La Caldereta, a settembre da Antigua ad Agua de Bueyes e a ottobre da P\u00e1jara a Card\u00f3n.<\/p>\n<\/p>\n<\/div>\n","protected":false},"excerpt":{"rendered":"<p><strong>Secondo percorso e seconda sfida raggiunta dai camminatori di Antigua se Mueve<\/strong><\/p>\n","protected":false},"author":1,"featured_media":2629,"comment_status":"open","ping_status":"open","sticky":false,"template":"","format":"standard","meta":{"inline_featured_image":false,"jnews-multi-image_gallery":[],"jnews_single_post":[],"jnews_primary_category":[],"jnews_social_meta":[],"jnews_override_counter":[],"jnews_post_split":[],"footnotes":""},"categories":[282],"tags":[],"class_list":["post-2634","post","type-post","status-publish","format-standard","has-post-thumbnail","hentry","category-antigua-it"],"jetpack_featured_media_url":"https:\/\/informacionlocal.es\/wp-content\/uploads\/2025\/04\/segunda-ruta-segundo-reto-conseguido-8.jpg","_links":{"self":[{"href":"https:\/\/informacionlocal.es\/it\/wp-json\/wp\/v2\/posts\/2634","targetHints":{"allow":["GET"]}}],"collection":[{"href":"https:\/\/informacionlocal.es\/it\/wp-json\/wp\/v2\/posts"}],"about":[{"href":"https:\/\/informacionlocal.es\/it\/wp-json\/wp\/v2\/types\/post"}],"author":[{"embeddable":true,"href":"https:\/\/informacionlocal.es\/it\/wp-json\/wp\/v2\/users\/1"}],"replies":[{"embeddable":true,"href":"https:\/\/informacionlocal.es\/it\/wp-json\/wp\/v2\/comments?post=2634"}],"version-history":[{"count":0,"href":"https:\/\/informacionlocal.es\/it\/wp-json\/wp\/v2\/posts\/2634\/revisions"}],"wp:featuredmedia":[{"embeddable":true,"href":"https:\/\/informacionlocal.es\/it\/wp-json\/wp\/v2\/media\/2629"}],"wp:attachment":[{"href":"https:\/\/informacionlocal.es\/it\/wp-json\/wp\/v2\/media?parent=2634"}],"wp:term":[{"taxonomy":"category","embeddable":true,"href":"https:\/\/informacionlocal.es\/it\/wp-json\/wp\/v2\/categories?post=2634"},{"taxonomy":"post_tag","embeddable":true,"href":"https:\/\/informacionlocal.es\/it\/wp-json\/wp\/v2\/tags?post=2634"}],"curies":[{"name":"wp","href":"https:\/\/api.w.org\/{rel}","templated":true}]}}