{"id":2561,"date":"2025-04-25T15:36:49","date_gmt":"2025-04-25T15:36:49","guid":{"rendered":"https:\/\/informacionlocal.es\/inizia-la-vaccinazione-e-lidentificazione-degli-animali-a-triquivijate-e-agua-de-bueyes\/"},"modified":"2025-04-25T15:36:49","modified_gmt":"2025-04-25T15:36:49","slug":"inizia-la-vaccinazione-e-lidentificazione-degli-animali-a-triquivijate-e-agua-de-bueyes","status":"publish","type":"post","link":"https:\/\/informacionlocal.es\/it\/inizia-la-vaccinazione-e-lidentificazione-degli-animali-a-triquivijate-e-agua-de-bueyes\/","title":{"rendered":"Inizia la vaccinazione e l&#8217;identificazione degli animali a Triquivijate e Agua de Bueyes"},"content":{"rendered":"<div class=\"elementor-widget-container\">\n<p><strong>Inizia la vaccinazione e l&#8217;identificazione degli animali a Triquivijate e Agua de Bueyes<\/strong><\/p>\n<p><strong>&#8211; La campagna comunale di identificazione e vaccinazione antirabbica si svolge nei sabati 26 aprile e 3 e 10 maggio, al mattino e al pomeriggio.  <\/strong><br \/><strong>&#8211; La campagna inizia questo sabato a Triquivijate dalle 09:00 alle 13:00 e ad Agua de Bueyes dalle 16:00 alle 20:00.  <\/strong><br \/><strong>&#8211; Il costo per l&#8217;identificazione \u00e8 di 15 euro e per la vaccinazione di 5 euro.<\/strong><\/p>\n<p>Il Dipartimento di Salute del Comune di Antigua sta lanciando la campagna annuale di identificazione e vaccinazione antirabbica, facilitando questa azione per i proprietari di animali del Comune, dice il sindaco, Mat\u00edas Pe\u00f1a, evitando viaggi e fornendo un costo pi\u00f9 economico.<\/p>\n<p>L&#8217;assessore alla Salute, Lucila G. Ruiz, ci ricorda che questo sabato 26 aprile si inizia nella scuola rurale di Triquivijate alle ore 09:00 e fino alle ore 13:00, continuando nel pomeriggio nella Scuola Unitaria di Agua de Bueyes dalle ore 16:00 fino alle ore 20:00; il costo per l&#8217;identificazione \u00e8 di 15 euro e la vaccinazione di 5 euro.<\/p>\n<p>L&#8217;assessore sottolinea che questa campagna comunale annuale \u00e8 rivolta agli animali registrati nel comune o i cui proprietari sono registrati in questo comune, dice Ruiz.<\/p>\n<p>Sabato 3 maggio prosegue nei centri culturali di Caleta de Fuste al mattino e di Los Alares al pomeriggio, per concludersi il 10 maggio nella Scuola Rurale di El Durazno ad Antigua al mattino e nel centro culturale di Casillas de Morales al pomeriggio.<\/p>\n<\/div>\n","protected":false},"excerpt":{"rendered":"<p><strong>Inizia la vaccinazione e l&#8217;identificazione degli animali a Triquivijate e Agua de Bueyes<\/strong><\/p>\n","protected":false},"author":1,"featured_media":2557,"comment_status":"open","ping_status":"open","sticky":false,"template":"","format":"standard","meta":{"inline_featured_image":false,"jnews-multi-image_gallery":[],"jnews_single_post":[],"jnews_primary_category":[],"jnews_social_meta":[],"jnews_override_counter":[],"jnews_post_split":[],"footnotes":""},"categories":[282],"tags":[257],"class_list":["post-2561","post","type-post","status-publish","format-standard","has-post-thumbnail","hentry","category-antigua-it","tag-salute"],"jetpack_featured_media_url":"https:\/\/informacionlocal.es\/wp-content\/uploads\/2025\/04\/campana-de-identificacion-y-vacunacion-antirrabica-1.jpg","_links":{"self":[{"href":"https:\/\/informacionlocal.es\/it\/wp-json\/wp\/v2\/posts\/2561","targetHints":{"allow":["GET"]}}],"collection":[{"href":"https:\/\/informacionlocal.es\/it\/wp-json\/wp\/v2\/posts"}],"about":[{"href":"https:\/\/informacionlocal.es\/it\/wp-json\/wp\/v2\/types\/post"}],"author":[{"embeddable":true,"href":"https:\/\/informacionlocal.es\/it\/wp-json\/wp\/v2\/users\/1"}],"replies":[{"embeddable":true,"href":"https:\/\/informacionlocal.es\/it\/wp-json\/wp\/v2\/comments?post=2561"}],"version-history":[{"count":0,"href":"https:\/\/informacionlocal.es\/it\/wp-json\/wp\/v2\/posts\/2561\/revisions"}],"wp:featuredmedia":[{"embeddable":true,"href":"https:\/\/informacionlocal.es\/it\/wp-json\/wp\/v2\/media\/2557"}],"wp:attachment":[{"href":"https:\/\/informacionlocal.es\/it\/wp-json\/wp\/v2\/media?parent=2561"}],"wp:term":[{"taxonomy":"category","embeddable":true,"href":"https:\/\/informacionlocal.es\/it\/wp-json\/wp\/v2\/categories?post=2561"},{"taxonomy":"post_tag","embeddable":true,"href":"https:\/\/informacionlocal.es\/it\/wp-json\/wp\/v2\/tags?post=2561"}],"curies":[{"name":"wp","href":"https:\/\/api.w.org\/{rel}","templated":true}]}}