{"id":2549,"date":"2025-04-25T15:19:05","date_gmt":"2025-04-25T15:19:05","guid":{"rendered":"https:\/\/informacionlocal.es\/caleta-de-fuste-celebra-la-festa-della-mamma-questa-domenica-con-tutta-la-famiglia\/"},"modified":"2025-04-25T15:19:05","modified_gmt":"2025-04-25T15:19:05","slug":"caleta-de-fuste-celebra-la-festa-della-mamma-questa-domenica-con-tutta-la-famiglia","status":"publish","type":"post","link":"https:\/\/informacionlocal.es\/it\/caleta-de-fuste-celebra-la-festa-della-mamma-questa-domenica-con-tutta-la-famiglia\/","title":{"rendered":"Caleta de Fuste celebra la festa della mamma questa domenica con tutta la famiglia"},"content":{"rendered":"<div class=\"elementor-widget-container\">\n<p><strong>Caleta de Fuste celebra la festa della mamma questa domenica con tutta la famiglia<\/strong><\/p>\n<p><strong>&#8211; Popcorn per tutti, foto di famiglia, laboratori di giardinaggio o cartoline personalizzate come regalo per le mamme e tante altre sorprese.  <\/strong><br \/><strong>&#8211; Questa domenica 27 aprile dalle 10:30 alle 13:30 nella Plaza de El Castillo.<\/strong><\/p>\n<p>Domenica 27 aprile, il Comune di Antigua, attraverso il Dipartimento del Commercio, organizza una giornata dedicata alle famiglie per sorprendere tutte le mamme nella Plaza de El Castillo.<\/p>\n<p>Una piccola giornata di auguri anticipati per le mamme, che potranno godere di numerose sorprese che abbiamo preparato per loro a Caleta de Fuste&#8221;, afferma l&#8217;assessore al Commercio, Giuseppe Signorino.<\/p>\n<p>L&#8217;idea \u00e8 che le mamme possano divertirsi con la musica e i giochi tradizionali insieme ai loro figli, alle loro figlie e alle loro famiglie, gustare i popcorn per tutti i partecipanti o ricevere un biglietto d&#8217;auguri personalizzato realizzato nella piazza stessa, nei laboratori di artigianato o di giardinaggio, aperti al pubblico per tutta la mattinata, aggiunge Signorino.<\/p>\n<p>Un&#8217;attivit\u00e0 che si aggiunge agli inviti agli eventi, festivi, sportivi, sociali, culturali o turistici, organizzati dal Municipio di Antigua per il divertimento dei residenti e dei domiciliati e che sono anche attrattivi per i turisti che ci visitano, e conclude il sindaco, Matias Pe\u00f1a, un&#8217;attivit\u00e0 costante, varia e in tutte le localit\u00e0.<\/p>\n<\/div>\n","protected":false},"excerpt":{"rendered":"<p><strong>Caleta de Fuste celebra la festa della mamma questa domenica con tutta la famiglia<\/strong><\/p>\n","protected":false},"author":1,"featured_media":2545,"comment_status":"open","ping_status":"open","sticky":false,"template":"","format":"standard","meta":{"inline_featured_image":false,"jnews-multi-image_gallery":[],"jnews_single_post":[],"jnews_primary_category":[],"jnews_social_meta":[],"jnews_override_counter":[],"jnews_post_split":[],"footnotes":""},"categories":[282],"tags":[308],"class_list":["post-2549","post","type-post","status-publish","format-standard","has-post-thumbnail","hentry","category-antigua-it","tag-eventos-it"],"jetpack_featured_media_url":"https:\/\/informacionlocal.es\/wp-content\/uploads\/2025\/04\/img-20250409-wa0054.jpg","_links":{"self":[{"href":"https:\/\/informacionlocal.es\/it\/wp-json\/wp\/v2\/posts\/2549","targetHints":{"allow":["GET"]}}],"collection":[{"href":"https:\/\/informacionlocal.es\/it\/wp-json\/wp\/v2\/posts"}],"about":[{"href":"https:\/\/informacionlocal.es\/it\/wp-json\/wp\/v2\/types\/post"}],"author":[{"embeddable":true,"href":"https:\/\/informacionlocal.es\/it\/wp-json\/wp\/v2\/users\/1"}],"replies":[{"embeddable":true,"href":"https:\/\/informacionlocal.es\/it\/wp-json\/wp\/v2\/comments?post=2549"}],"version-history":[{"count":0,"href":"https:\/\/informacionlocal.es\/it\/wp-json\/wp\/v2\/posts\/2549\/revisions"}],"wp:featuredmedia":[{"embeddable":true,"href":"https:\/\/informacionlocal.es\/it\/wp-json\/wp\/v2\/media\/2545"}],"wp:attachment":[{"href":"https:\/\/informacionlocal.es\/it\/wp-json\/wp\/v2\/media?parent=2549"}],"wp:term":[{"taxonomy":"category","embeddable":true,"href":"https:\/\/informacionlocal.es\/it\/wp-json\/wp\/v2\/categories?post=2549"},{"taxonomy":"post_tag","embeddable":true,"href":"https:\/\/informacionlocal.es\/it\/wp-json\/wp\/v2\/tags?post=2549"}],"curies":[{"name":"wp","href":"https:\/\/api.w.org\/{rel}","templated":true}]}}