{"id":2537,"date":"2025-04-25T13:21:21","date_gmt":"2025-04-25T13:21:21","guid":{"rendered":"https:\/\/informacionlocal.es\/il-municipio-completa-e-rileva-la-passerella-pedonale-di-orchilla-a-caleta-de-fuste\/"},"modified":"2025-04-25T13:21:21","modified_gmt":"2025-04-25T13:21:21","slug":"il-municipio-completa-e-rileva-la-passerella-pedonale-di-orchilla-a-caleta-de-fuste","status":"publish","type":"post","link":"https:\/\/informacionlocal.es\/it\/il-municipio-completa-e-rileva-la-passerella-pedonale-di-orchilla-a-caleta-de-fuste\/","title":{"rendered":"Il Municipio completa e rileva la passerella pedonale di Orchilla a Caleta de Fuste"},"content":{"rendered":"<div class=\"elementor-widget-container\">\n<p><strong>Il Municipio completa e rileva la passerella pedonale di Orchilla a Caleta de Fuste<\/strong><\/p>\n<p><strong>&#8211; Un progetto avviato nella scorsa legislatura, la cui esecuzione e completamento \u00e8 stata promossa quest&#8217;anno con un budget di circa 600.000 euro, spiega il sindaco, Mat\u00edas Pe\u00f1a.<\/strong><br \/><strong>&#8211; La ristrutturazione della passerella pedonale di Orchilla prevede un parco giochi per bambini, aree ombreggiate e di sosta con arredi urbani e alberi, oltre a una pavimentazione di qualit\u00e0 che migliora l&#8217;accessibilit\u00e0.<\/strong><\/p>\n<p>Il sindaco di Antigua, Mat\u00edas Pe\u00f1a Garc\u00eda, in qualit\u00e0 di responsabile della Contrattazione per delega approvata in plenaria per promuovere l&#8217;esecuzione di grandi progetti nel Comune, ha coordinato l&#8217;accoglienza finale del rifacimento della strada pedonale Orchilla a Caleta de Fuste, che dopo aver sbloccato la sua paralisi \u00e8 stata consegnata nei tempi e nelle forme dalla nuova impresa incaricata a questo scopo.<\/p>\n<p>Venerd\u00ec 25 aprile, il Sindaco ha confermato con i tecnici comunali e l&#8217;impresa costruttrice la ricezione dei lavori di ristrutturazione della strada pedonale Orchilla, Sezione III, a Caleta de Fuste, e gli assessori ai Lavori e Servizi, Juan Cabrera, all&#8217;Urbanistica, David Alberto, e al Turismo, Kristina Rodewig, hanno partecipato alla cerimonia di firma della consegna.<\/p>\n<p>Un progetto iniziato nella scorsa legislatura, dice il sindaco, che siamo riusciti a completare con un nuovo contratto, risultante in questo ricevimento di miglioramento e abbellimento della Orchilla pedonale nella sua sezione III, eseguito dal Comune di Antigua con un finanziamento comunale di 594.000 euro.<\/p>\n<p>Caleta de Fuste ha aggiunto un nuovo parco giochi per bambini nella strada pedonale Orchilla, con moduli di gioco su pavimentazione in gomma, in un&#8217;area protetta, delimitata e illuminata con illuminazione stradale, la cui nuova rete di illuminazione pubblica si estende lungo tutta la strada.<\/p>\n<p>La nuova passerella pedonale di Orchilla offre aree di giardino ombreggiate per lo svago e il riposo, incorporando un moderno arredo urbano, l&#8217;inserimento di alberi e aree erbose con ficus e bouganville, completando la pavimentazione della passerella pedonale nel punto in cui incontra Calle Picasso e Calle Virgen de la Pe\u00f1a.<\/p>\n<p>La passerella pedonale elimina le barriere urbane, come scale o cordoli, migliorando l&#8217;accessibilit\u00e0 sia per la larghezza dei gradini sia per il materiale utilizzato, che differenzia il passaggio di qualsiasi pedone o persona a mobilit\u00e0 ridotta, segnalando le diverse aree attraversate.<\/p>\n<\/div>\n","protected":false},"excerpt":{"rendered":"<p><strong>Il Municipio completa e rileva la passerella pedonale di Orchilla a Caleta de Fuste<\/strong><\/p>\n","protected":false},"author":1,"featured_media":2533,"comment_status":"open","ping_status":"open","sticky":false,"template":"","format":"standard","meta":{"inline_featured_image":false,"jnews-multi-image_gallery":[],"jnews_single_post":[],"jnews_primary_category":[],"jnews_social_meta":[],"jnews_override_counter":[],"jnews_post_split":[],"footnotes":""},"categories":[282],"tags":[],"class_list":["post-2537","post","type-post","status-publish","format-standard","has-post-thumbnail","hentry","category-antigua-it"],"jetpack_featured_media_url":"https:\/\/informacionlocal.es\/wp-content\/uploads\/2025\/04\/el-alcalde-y-responsable-de-contratacion-coordina-la-recepcion-de-orchilla-1-scaled-1.jpg","_links":{"self":[{"href":"https:\/\/informacionlocal.es\/it\/wp-json\/wp\/v2\/posts\/2537","targetHints":{"allow":["GET"]}}],"collection":[{"href":"https:\/\/informacionlocal.es\/it\/wp-json\/wp\/v2\/posts"}],"about":[{"href":"https:\/\/informacionlocal.es\/it\/wp-json\/wp\/v2\/types\/post"}],"author":[{"embeddable":true,"href":"https:\/\/informacionlocal.es\/it\/wp-json\/wp\/v2\/users\/1"}],"replies":[{"embeddable":true,"href":"https:\/\/informacionlocal.es\/it\/wp-json\/wp\/v2\/comments?post=2537"}],"version-history":[{"count":0,"href":"https:\/\/informacionlocal.es\/it\/wp-json\/wp\/v2\/posts\/2537\/revisions"}],"wp:featuredmedia":[{"embeddable":true,"href":"https:\/\/informacionlocal.es\/it\/wp-json\/wp\/v2\/media\/2533"}],"wp:attachment":[{"href":"https:\/\/informacionlocal.es\/it\/wp-json\/wp\/v2\/media?parent=2537"}],"wp:term":[{"taxonomy":"category","embeddable":true,"href":"https:\/\/informacionlocal.es\/it\/wp-json\/wp\/v2\/categories?post=2537"},{"taxonomy":"post_tag","embeddable":true,"href":"https:\/\/informacionlocal.es\/it\/wp-json\/wp\/v2\/tags?post=2537"}],"curies":[{"name":"wp","href":"https:\/\/api.w.org\/{rel}","templated":true}]}}