{"id":25296,"date":"2026-09-06T03:00:03","date_gmt":"2026-09-06T02:00:03","guid":{"rendered":"https:\/\/informacionlocal.es\/la-biblio-playa-despide-un-verano-lleno-de-cultura-en-la-playa-de-los-pozos\/"},"modified":"2026-09-06T03:00:03","modified_gmt":"2026-09-06T02:00:03","slug":"la-biblio-playa-despide-un-verano-lleno-de-cultura-en-la-playa-de-los-pozos","status":"publish","type":"post","link":"https:\/\/informacionlocal.es\/it\/la-biblio-playa-despide-un-verano-lleno-de-cultura-en-la-playa-de-los-pozos\/","title":{"rendered":"LA BIBLIO-PLAYA DESPIDE UN VERANO LLENO DE CULTURA EN LA PLAYA DE LOS POZOS"},"content":{"rendered":"<div class=\"entry-content\">\n<div class=\"x14z9mp xat24cr x1lziwak x1vvkbs xtlvy1s x126k92a\">\n<div dir=\"auto\"><span class=\"html-span xexx8yu xyri2b x18d9i69 x1c1uobl x1hl2dhg x16tdsg8 x1vvkbs x3nfvp2 x1j61x8r x1fcty0u xdj266r xat24cr xm2jcoa x1mpyi22 xxymvpz xlup9mm x1kky2od\"><img loading=\"lazy\" decoding=\"async\" loading=\"lazy\" class=\"xz74otr x15mokao x1ga7v0g x16uus16 xbiv7yw\" src=\"https:\/\/informacionlocal.es\/wp-content\/uploads\/2026\/09\/1f4f0.png\" alt=\"\ud83d\udcf0\" width=\"16\" height=\"16\" title=\"1f4f0\"><\/span><span class=\"html-span xexx8yu xyri2b x18d9i69 x1c1uobl x1hl2dhg x16tdsg8 x1vvkbs x3nfvp2 x1j61x8r x1fcty0u xdj266r xat24cr xm2jcoa x1mpyi22 xxymvpz xlup9mm x1kky2od\"><img loading=\"lazy\" decoding=\"async\" loading=\"lazy\" class=\"xz74otr x15mokao x1ga7v0g x16uus16 xbiv7yw\" src=\"https:\/\/informacionlocal.es\/wp-content\/uploads\/2026\/09\/1f5de.png\" alt=\"\ud83d\uddde\" width=\"16\" height=\"16\" title=\"1f5de\"><\/span><span class=\"html-span xexx8yu xyri2b x18d9i69 x1c1uobl x1hl2dhg x16tdsg8 x1vvkbs x3nfvp2 x1j61x8r x1fcty0u xdj266r xat24cr xm2jcoa x1mpyi22 xxymvpz xlup9mm x1kky2od\"><img loading=\"lazy\" decoding=\"async\" loading=\"lazy\" class=\"xz74otr x15mokao x1ga7v0g x16uus16 xbiv7yw\" src=\"https:\/\/informacionlocal.es\/wp-content\/uploads\/2026\/09\/1f4d6.png\" alt=\"\ud83d\udcd6\" width=\"16\" height=\"16\" title=\"1f4d6\"><\/span> Tras permanecer instalada durante los meses de julio y agosto en la Playa de Los Pozos, la Biblioplaya cierra una nueva edici\u00f3n que ha vuelto a demostrar la buena acogida de esta iniciativa entre vecinos, familias y visitantes.<\/div>\n<\/div>\n<div class=\"x14z9mp xat24cr x1lziwak x1vvkbs xtlvy1s x126k92a\">\n<div dir=\"auto\"><span class=\"html-span xexx8yu xyri2b x18d9i69 x1c1uobl x1hl2dhg x16tdsg8 x1vvkbs x3nfvp2 x1j61x8r x1fcty0u xdj266r xat24cr xm2jcoa x1mpyi22 xxymvpz xlup9mm x1kky2od\"><img loading=\"lazy\" decoding=\"async\" loading=\"lazy\" class=\"xz74otr x15mokao x1ga7v0g x16uus16 xbiv7yw\" src=\"https:\/\/informacionlocal.es\/wp-content\/uploads\/2026\/09\/1f5e3.png\" alt=\"\ud83d\udde3\ufe0f\" width=\"16\" height=\"16\" title=\"1f5e3\"><\/span><span class=\"html-span xexx8yu xyri2b x18d9i69 x1c1uobl x1hl2dhg x16tdsg8 x1vvkbs x3nfvp2 x1j61x8r x1fcty0u xdj266r xat24cr xm2jcoa x1mpyi22 xxymvpz xlup9mm x1kky2od\"><img loading=\"lazy\" decoding=\"async\" loading=\"lazy\" class=\"xz74otr x15mokao x1ga7v0g x16uus16 xbiv7yw\" src=\"https:\/\/informacionlocal.es\/wp-content\/uploads\/2026\/09\/1f5e3.png\" alt=\"\ud83d\udde3\ufe0f\" width=\"16\" height=\"16\" title=\"1f5e3\"><\/span> El acto de clausura cont\u00f3 con la presencia del alcalde de Puerto del Rosario, David de Vera, y del concejal de Cultura, Juan Manuel Verdugo.<\/div>\n<\/div>\n<div class=\"x14z9mp xat24cr x1lziwak x1vvkbs xtlvy1s x126k92a\">\n<div dir=\"auto\"><span class=\"html-span xexx8yu xyri2b x18d9i69 x1c1uobl x1hl2dhg x16tdsg8 x1vvkbs x3nfvp2 x1j61x8r x1fcty0u xdj266r xat24cr xm2jcoa x1mpyi22 xxymvpz xlup9mm x1kky2od\"><img loading=\"lazy\" decoding=\"async\" loading=\"lazy\" class=\"xz74otr x15mokao x1ga7v0g x16uus16 xbiv7yw\" src=\"https:\/\/informacionlocal.es\/wp-content\/uploads\/2026\/09\/1f9e9.png\" alt=\"\ud83e\udde9\" width=\"16\" height=\"16\" title=\"1f9e9\"><\/span><span class=\"html-span xexx8yu xyri2b x18d9i69 x1c1uobl x1hl2dhg x16tdsg8 x1vvkbs x3nfvp2 x1j61x8r x1fcty0u xdj266r xat24cr xm2jcoa x1mpyi22 xxymvpz xlup9mm x1kky2od\"><img loading=\"lazy\" decoding=\"async\" loading=\"lazy\" class=\"xz74otr x15mokao x1ga7v0g x16uus16 xbiv7yw\" src=\"https:\/\/informacionlocal.es\/wp-content\/uploads\/2026\/09\/1f38a.png\" alt=\"\ud83c\udf8a\" width=\"16\" height=\"16\" title=\"1f38a\"><\/span><span class=\"html-span xexx8yu xyri2b x18d9i69 x1c1uobl x1hl2dhg x16tdsg8 x1vvkbs x3nfvp2 x1j61x8r x1fcty0u xdj266r xat24cr xm2jcoa x1mpyi22 xxymvpz xlup9mm x1kky2od\"><img loading=\"lazy\" decoding=\"async\" loading=\"lazy\" class=\"xz74otr x15mokao x1ga7v0g x16uus16 xbiv7yw\" src=\"https:\/\/informacionlocal.es\/wp-content\/uploads\/2026\/09\/1f38f.png\" alt=\"\ud83c\udf8f\" width=\"16\" height=\"16\" title=\"1f38f\"><\/span> Durante todo el verano, la Biblio-playa ha ofrecido un espacio pensado para acercar la cultura y el ocio a todas las edades, con pr\u00e9stamo de libros, juegos y actividades para ni\u00f1os y ni\u00f1as, adem\u00e1s de prensa y lectura para los mayores, contribuyendo tambi\u00e9n a facilitar la conciliaci\u00f3n de la vida familiar durante el periodo estival.<\/div>\n<\/div>\n<div class=\"x14z9mp xat24cr x1lziwak x1vvkbs xtlvy1s x126k92a\">\n<div dir=\"auto\"><span class=\"html-span xexx8yu xyri2b x18d9i69 x1c1uobl x1hl2dhg x16tdsg8 x1vvkbs x3nfvp2 x1j61x8r x1fcty0u xdj266r xat24cr xm2jcoa x1mpyi22 xxymvpz xlup9mm x1kky2od\"><img loading=\"lazy\" decoding=\"async\" loading=\"lazy\" class=\"xz74otr x15mokao x1ga7v0g x16uus16 xbiv7yw\" src=\"https:\/\/informacionlocal.es\/wp-content\/uploads\/2026\/09\/1f44d.png\" alt=\"\ud83d\udc4d\" width=\"16\" height=\"16\" title=\"1f44d\"><\/span> Agradecemos la participaci\u00f3n de todas las personas que han disfrutado de este espacio durante estos dos meses.<\/div>\n<div dir=\"auto\">\u00a1Nos vemos el pr\u00f3ximo verano! <span class=\"html-span xexx8yu xyri2b x18d9i69 x1c1uobl x1hl2dhg x16tdsg8 x1vvkbs x3nfvp2 x1j61x8r x1fcty0u xdj266r xat24cr xm2jcoa x1mpyi22 xxymvpz xlup9mm x1kky2od\"><img loading=\"lazy\" decoding=\"async\" loading=\"lazy\" class=\"xz74otr x15mokao x1ga7v0g x16uus16 xbiv7yw\" src=\"https:\/\/informacionlocal.es\/wp-content\/uploads\/2026\/09\/2600.png\" alt=\"\u2600\ufe0f\" width=\"16\" height=\"16\" title=\"2600\"><\/span><span class=\"html-span xexx8yu xyri2b x18d9i69 x1c1uobl x1hl2dhg x16tdsg8 x1vvkbs x3nfvp2 x1j61x8r x1fcty0u xdj266r xat24cr xm2jcoa x1mpyi22 xxymvpz xlup9mm x1kky2od\"><img loading=\"lazy\" decoding=\"async\" loading=\"lazy\" class=\"xz74otr x15mokao x1ga7v0g x16uus16 xbiv7yw\" src=\"https:\/\/informacionlocal.es\/wp-content\/uploads\/2026\/09\/1f4d6.png\" alt=\"\ud83d\udcd6\" width=\"16\" height=\"16\" title=\"1f4d6\"><\/span><\/div>\n<\/div>\n<\/div>\n","protected":false},"excerpt":{"rendered":"<p>Tras permanecer instalada durante los meses de julio y agosto en la Playa de Los Pozos, la Biblioplaya cierra una nueva edici\u00f3n que ha vuelto a demostrar la buena acogida [&hellip;]<\/p>\n","protected":false},"author":1,"featured_media":25298,"comment_status":"open","ping_status":"open","sticky":false,"template":"","format":"standard","meta":{"inline_featured_image":false,"jnews-multi-image_gallery":[],"jnews_single_post":[],"jnews_primary_category":[],"jnews_social_meta":[],"jnews_override_counter":[],"jnews_post_split":[],"footnotes":""},"categories":[61],"tags":[],"class_list":["post-25296","post","type-post","status-publish","format-standard","has-post-thumbnail","hentry","category-puerto-del-rosario"],"jetpack_featured_media_url":"https:\/\/informacionlocal.es\/wp-content\/uploads\/2026\/09\/biblioplaya-26-def-bp-alcaldeverdugomonitora-scaled-1.jpg","_links":{"self":[{"href":"https:\/\/informacionlocal.es\/it\/wp-json\/wp\/v2\/posts\/25296","targetHints":{"allow":["GET"]}}],"collection":[{"href":"https:\/\/informacionlocal.es\/it\/wp-json\/wp\/v2\/posts"}],"about":[{"href":"https:\/\/informacionlocal.es\/it\/wp-json\/wp\/v2\/types\/post"}],"author":[{"embeddable":true,"href":"https:\/\/informacionlocal.es\/it\/wp-json\/wp\/v2\/users\/1"}],"replies":[{"embeddable":true,"href":"https:\/\/informacionlocal.es\/it\/wp-json\/wp\/v2\/comments?post=25296"}],"version-history":[{"count":0,"href":"https:\/\/informacionlocal.es\/it\/wp-json\/wp\/v2\/posts\/25296\/revisions"}],"wp:featuredmedia":[{"embeddable":true,"href":"https:\/\/informacionlocal.es\/it\/wp-json\/wp\/v2\/media\/25298"}],"wp:attachment":[{"href":"https:\/\/informacionlocal.es\/it\/wp-json\/wp\/v2\/media?parent=25296"}],"wp:term":[{"taxonomy":"category","embeddable":true,"href":"https:\/\/informacionlocal.es\/it\/wp-json\/wp\/v2\/categories?post=25296"},{"taxonomy":"post_tag","embeddable":true,"href":"https:\/\/informacionlocal.es\/it\/wp-json\/wp\/v2\/tags?post=25296"}],"curies":[{"name":"wp","href":"https:\/\/api.w.org\/{rel}","templated":true}]}}