{"id":25278,"date":"2026-09-05T00:02:06","date_gmt":"2026-09-04T23:02:06","guid":{"rendered":"https:\/\/informacionlocal.es\/puerto-del-rosario-clausura-con-exito-el-turno-de-agosto-del-campamento-de-verano-y-deporte-2026\/"},"modified":"2026-09-05T00:02:06","modified_gmt":"2026-09-04T23:02:06","slug":"puerto-del-rosario-clausura-con-exito-el-turno-de-agosto-del-campamento-de-verano-y-deporte-2026","status":"publish","type":"post","link":"https:\/\/informacionlocal.es\/it\/puerto-del-rosario-clausura-con-exito-el-turno-de-agosto-del-campamento-de-verano-y-deporte-2026\/","title":{"rendered":"Puerto del Rosario clausura con \u00e9xito el turno de agosto del Campamento de Verano y Deporte 2026"},"content":{"rendered":"<div class=\"entry-content\">\n<p><strong>La iniciativa municipal ha contado con la participaci\u00f3n de 60 ni\u00f1os y ni\u00f1as y ha combinado deporte, ocio educativo, actividades culturales y recreativas, junto con servicios orientados a facilitar la conciliaci\u00f3n familiar<\/strong><\/p>\n<p>El <strong>ayuntamiento de Puerto del Rosario<\/strong> ha celebrado la clausura del <strong>turno de agosto del Campamento de Verano y Deporte 2026<\/strong>, una iniciativa municipal en la que han participado <strong>60 ni\u00f1os y ni\u00f1as de entre 6 y 12 a\u00f1os<\/strong>, y que se ha desarrollado con el objetivo de promover la pr\u00e1ctica de actividad f\u00edsica, los h\u00e1bitos de vida saludables, la convivencia y el aprovechamiento educativo y l\u00fadico del periodo vacacional.<\/p>\n<p>El <strong>turno de agosto<\/strong>, desarrollado entre el <strong>10 de agosto hasta el 4 de septiembre<\/strong>, ha dado continuidad a la programaci\u00f3n estival del Campamento de Verano y Deporte, ofreciendo una propuesta multidisciplinar que ha combinado <strong>actividades deportivas, educativas, culturales, recreativas y de ocio saludable<\/strong>, favoreciendo al mismo tiempo la conciliaci\u00f3n de la vida laboral y familiar durante el periodo estival.<\/p>\n<p>La programaci\u00f3n ha sido dise\u00f1ada para ofrecer a los menores un entorno de participaci\u00f3n, convivencia y aprendizaje, utilizando diferentes instalaciones deportivas y espacios p\u00fablicos del municipio y adaptando las actividades a las caracter\u00edsticas y edades de los participantes.<\/p>\n<p><strong>Una programaci\u00f3n deportiva, educativa y recreativa<\/strong><\/p>\n<p>Durante las diferentes jornadas del campamento, los participantes han desarrollado actividades en el <strong>Estadio Municipal de Los Pozos<\/strong>, el <strong>Pabell\u00f3n Municipal Oasis<\/strong>, el <strong>Terrero de Lucha Puerto de Cabras<\/strong>, la <strong>Biblioplaya<\/strong> y <strong>Playa de Los Pozos<\/strong>, entre otros espacios municipales.<\/p>\n<p>La programaci\u00f3n deportiva ha permitido a los ni\u00f1os y ni\u00f1as acercarse a diferentes modalidades y propuestas de actividad f\u00edsica, incluyendo <strong>deportes alternativos, disciplinas deportivas convencionales y deportes vern\u00e1culos y tradicionales de Canarias<\/strong>, con especial presencia de la <strong>lucha canaria<\/strong>, contribuyendo as\u00ed al conocimiento y valoraci\u00f3n de una de las manifestaciones deportivas y culturales propias del archipi\u00e9lago.<\/p>\n<p>Asimismo, el campamento ha incorporado actividades de <strong>ocio y recreaci\u00f3n en la playa<\/strong>, especialmente en el entorno de la <strong>Playa de Los Pozos<\/strong>, donde los participantes han podido disfrutar de juegos y din\u00e1micas al aire libre en un entorno de convivencia y participaci\u00f3n.<\/p>\n<p>Estas actividades se han complementado con propuestas desarrolladas en la <strong>Biblioplaya<\/strong>, fomentando el h\u00e1bito de la lectura y el uso educativo del tiempo libre, as\u00ed como contenidos relacionados con el <strong>respeto y cuidado del entorno, la convivencia y los h\u00e1bitos de vida saludables<\/strong>.<\/p>\n<p>La utilizaci\u00f3n de diferentes espacios municipales ha permitido desarrollar una programaci\u00f3n din\u00e1mica y diversificada, combinando <strong>actividad f\u00edsica, aprendizaje, ocio educativo y experiencias al aire libre<\/strong>.<\/p>\n<p><strong>Servicios de alimentaci\u00f3n y medidas de conciliaci\u00f3n<\/strong><\/p>\n<p>Como parte de la prestaci\u00f3n integral del <strong>Campamento de Verano y Deporte 2026<\/strong>, el servicio ha contado con <strong>almuerzo para los participantes mediante un servicio de catering<\/strong>, garantizando la atenci\u00f3n alimentaria durante la jornada y complementando el conjunto de actividades programadas.<\/p>\n<p>Asimismo, con el objetivo de facilitar la <strong>conciliaci\u00f3n de la vida laboral y familiar<\/strong>, se han establecido servicios complementarios de <strong>recogida temprana y recogida tard\u00eda<\/strong>, ampliando la franja horaria de atenci\u00f3n a los menores y ofreciendo a las familias una mayor flexibilidad en los horarios de entrada y salida.<\/p>\n<p>De esta manera, el campamento se ha configurado como un <strong>recurso municipal integral<\/strong>, que adem\u00e1s de fomentar la pr\u00e1ctica deportiva y el ocio saludable, proporciona servicios complementarios destinados a responder a las necesidades de las familias durante el periodo vacacional.<\/p>\n<p><strong>Una clausura marcada por el ocio y la convivencia<\/strong><\/p>\n<p>La jornada de clausura del <strong>turno de agosto<\/strong> tuvo lugar en el <strong>Estadio Municipal de Los Pozos<\/strong>, donde los 60 participantes disfrutaron de una jornada festiva de cierre que incluy\u00f3 <strong>hinchables, juegos, actividades de animaci\u00f3n y diferentes propuestas recreativas<\/strong>, poniendo el broche final a varias semanas de actividades, convivencia y participaci\u00f3n.<\/p>\n<p>Como recuerdo de su participaci\u00f3n en esta edici\u00f3n, la <strong>Concejal\u00eda de Deportes<\/strong> hizo entrega a los ni\u00f1os y ni\u00f1as de un <strong>sombrero conmemorativo del Campamento de Verano y Deporte 2026<\/strong>, adem\u00e1s de diversos obsequios.<\/p>\n<p>El acto cont\u00f3 con la presencia del <strong>alcalde de Puerto del Rosario, David de Vera<\/strong>, <strong>el segundo teniente Alcalde, David de Le\u00f3n y el Concejal de Deportes, Luis\u00a0 Chac\u00f3n<\/strong>, quienes destacaron la importancia de continuar impulsando programas municipales dirigidos a la poblaci\u00f3n infantil que combinen la <strong>actividad f\u00edsica, la educaci\u00f3n, el ocio saludable y la convivencia<\/strong>.<\/p>\n<p>Durante el acto, los representantes municipales trasladaron asimismo su agradecimiento a las <strong>familias participantes, al equipo de monitores y al conjunto de profesionales y entidades implicadas en la ejecuci\u00f3n del programa<\/strong>, cuya colaboraci\u00f3n ha resultado fundamental para el correcto desarrollo de las actividades.<\/p>\n<p><strong>Gesti\u00f3n del servicio<\/strong><\/p>\n<p>El <strong>Campamento de Verano y Deporte 2026<\/strong> se ha desarrollado en el marco del servicio de gesti\u00f3n promovido por el <strong>ayuntamiento de Puerto del Rosario<\/strong> y ejecutado por la empresa <strong>GRUPO TAFOR CANARIAS, S.L.U.<\/strong>, adjudicataria del servicio.<\/p>\n<p>Con la clausura de este turno, el <strong>Ayuntamiento de Puerto del Rosario<\/strong> pone en valor la continuidad de una iniciativa que integra <strong>promoci\u00f3n deportiva, ocio educativo, actividades culturales y recreativas, alimentaci\u00f3n y servicios de conciliaci\u00f3n familiar<\/strong>, reforzando la oferta municipal dirigida a la infancia durante el periodo estival.<\/p>\n<p>El Campamento de Verano y Deporte se consolida as\u00ed como una de las principales propuestas municipales destinadas a favorecer el <strong>bienestar, la actividad f\u00edsica, la convivencia y el desarrollo integral de los ni\u00f1os y ni\u00f1as del municipio<\/strong>, ofreciendo al mismo tiempo un recurso de apoyo a las familias durante las vacaciones escolares.<\/p>\n<p>\u00a0<\/p>\n<\/div>\n","protected":false},"excerpt":{"rendered":"<p>La iniciativa municipal ha contado con la participaci\u00f3n de 60 ni\u00f1os y ni\u00f1as y ha combinado deporte, ocio educativo, actividades culturales y recreativas, junto con servicios orientados a facilitar la [&hellip;]<\/p>\n","protected":false},"author":1,"featured_media":25280,"comment_status":"open","ping_status":"open","sticky":false,"template":"","format":"standard","meta":{"inline_featured_image":false,"jnews-multi-image_gallery":[],"jnews_single_post":[],"jnews_primary_category":[],"jnews_social_meta":[],"jnews_override_counter":[],"jnews_post_split":[],"footnotes":""},"categories":[61],"tags":[73],"class_list":["post-25278","post","type-post","status-publish","format-standard","has-post-thumbnail","hentry","category-puerto-del-rosario","tag-educacion"],"jetpack_featured_media_url":"https:\/\/informacionlocal.es\/wp-content\/uploads\/2026\/09\/campamento-def-verano-deportes-26-grupo.jpg","_links":{"self":[{"href":"https:\/\/informacionlocal.es\/it\/wp-json\/wp\/v2\/posts\/25278","targetHints":{"allow":["GET"]}}],"collection":[{"href":"https:\/\/informacionlocal.es\/it\/wp-json\/wp\/v2\/posts"}],"about":[{"href":"https:\/\/informacionlocal.es\/it\/wp-json\/wp\/v2\/types\/post"}],"author":[{"embeddable":true,"href":"https:\/\/informacionlocal.es\/it\/wp-json\/wp\/v2\/users\/1"}],"replies":[{"embeddable":true,"href":"https:\/\/informacionlocal.es\/it\/wp-json\/wp\/v2\/comments?post=25278"}],"version-history":[{"count":0,"href":"https:\/\/informacionlocal.es\/it\/wp-json\/wp\/v2\/posts\/25278\/revisions"}],"wp:featuredmedia":[{"embeddable":true,"href":"https:\/\/informacionlocal.es\/it\/wp-json\/wp\/v2\/media\/25280"}],"wp:attachment":[{"href":"https:\/\/informacionlocal.es\/it\/wp-json\/wp\/v2\/media?parent=25278"}],"wp:term":[{"taxonomy":"category","embeddable":true,"href":"https:\/\/informacionlocal.es\/it\/wp-json\/wp\/v2\/categories?post=25278"},{"taxonomy":"post_tag","embeddable":true,"href":"https:\/\/informacionlocal.es\/it\/wp-json\/wp\/v2\/tags?post=25278"}],"curies":[{"name":"wp","href":"https:\/\/api.w.org\/{rel}","templated":true}]}}