{"id":25248,"date":"2026-09-04T17:02:02","date_gmt":"2026-09-04T16:02:02","guid":{"rendered":"https:\/\/informacionlocal.es\/dojo-guaboren-celebra-el-vii-seminario-de-defensa-personal-femenina-el-proximo-mes-de-noviembre\/"},"modified":"2026-09-04T17:02:02","modified_gmt":"2026-09-04T16:02:02","slug":"dojo-guaboren-celebra-el-vii-seminario-de-defensa-personal-femenina-el-proximo-mes-de-noviembre","status":"publish","type":"post","link":"https:\/\/informacionlocal.es\/it\/dojo-guaboren-celebra-el-vii-seminario-de-defensa-personal-femenina-el-proximo-mes-de-noviembre\/","title":{"rendered":"Dojo Guaboren celebra el VII Seminario de Defensa Personal Femenina el pr\u00f3ximo mes de noviembre"},"content":{"rendered":"<div class=\"entry-content\"><strong>4 septiembre, 2026<\/strong><\/p>\n<h2>El Dojo Guaboren celebrar\u00e1 la VII edici\u00f3n del Seminario de Defensa Personal Femenina el pr\u00f3ximo 21 de noviembre, de 09.00 a 14.00 horas, en el Pabell\u00f3n Deportivo de Gran Tarajal.<\/h2>\n<p>Ya son m\u00e1s de 700 mujeres las que han participado en esta formaci\u00f3n, que este a\u00f1o ser\u00e1 impartida por maestros como Juan Jos\u00e9 Lorenzo (Gran Canaria), Noelia Moreno (Madrid), Giuseppe Caracena (Italia), Alexis Alonso (Fuerteventura) y Francisco Querol (Valencia).<\/p>\n<p>El consejero de Deportes, Luis Gonz\u00e1lez, destac\u00f3 el apoyo que recibe este evento desde el programa de ayudas al deporte insular del Cabildo de Fuerteventura, \u201cun evento que cumple, adem\u00e1s, con el fin social que tiene toda actividad deportiva, en este caso con el binomio igualdad y deporte\u201d.<\/p>\n<p>El alcalde de Tuineje, David Herrera, agradeci\u00f3 al Dojo Guaboren por contar siempre con el Ayuntamiento para celebrar esta actividad en el municipio. \u201cEs un orgullo acoger una s\u00e9ptima edici\u00f3n de una acci\u00f3n que sirve para impulsar ese poder transformador que tiene el deporte, con el esfuerzo que esto conlleva por parte del Dojo\u201d.<\/p>\n<p>Por su parte, el presidente del Dojo Guaboren, Alexis Alonso, anim\u00f3 a todas las personas interesadas a participar y explic\u00f3 que la iniciativa se enmarca dentro del proyecto de inclusi\u00f3n social Stop a La Violencia del Dojo Guaboren.<\/p>\n<p>Asimismo, agradeci\u00f3 a la Asociaci\u00f3n de Vecinos \u2018El Castillejo\u2019 que este a\u00f1o se encarga de la parte social del evento, siendo necesario para inscribirse la donaci\u00f3n de un kilogramo de comida no perecedera o alimento para mascotas. Asimismo, Alonso extendi\u00f3 su agradecimiento a todas las entidades y personas que apuestan por este proyecto para que pueda ser realidad, y record\u00f3 que las inscripciones se pueden realizar a trav\u00e9s del siguiente tel\u00e9fono: 659 697 999.<\/p>\n<p>Javier Alonso, presidente de la AAVV \u2018El Castillejo\u2019 de Tesjuate y Llanos Pelados, felicit\u00f3 al Dojo Guaboren, Cabildo, Ayuntamiento y a todas las personas que colaboran en el seminario que tiene adem\u00e1s un amplio car\u00e1cter solidario con la participaci\u00f3n de la asociaci\u00f3n.<\/p>\n<p>En el acto de presentaci\u00f3n estuvieron presentes, adem\u00e1s, el t\u00e9cnico de marketing de Playitas Resort, Carlos Van Linden, la concejala Victoria Cerde\u00f1a de Antigua, la consejera de la oposici\u00f3n Sonia \u00c1lamo y otros representantes de Guaboren.<\/p>\n<p>\u00a0<\/p>\n<\/div>\n","protected":false},"excerpt":{"rendered":"<p>4 septiembre, 2026 El Dojo Guaboren celebrar\u00e1 la VII edici\u00f3n del Seminario de Defensa Personal Femenina el pr\u00f3ximo 21 de noviembre, de 09.00 a 14.00 horas, en el Pabell\u00f3n Deportivo [&hellip;]<\/p>\n","protected":false},"author":1,"featured_media":25250,"comment_status":"open","ping_status":"open","sticky":false,"template":"","format":"standard","meta":{"inline_featured_image":false,"jnews-multi-image_gallery":[],"jnews_single_post":[],"jnews_primary_category":[],"jnews_social_meta":[],"jnews_override_counter":[],"jnews_post_split":[],"footnotes":""},"categories":[58],"tags":[82],"class_list":["post-25248","post","type-post","status-publish","format-standard","has-post-thumbnail","hentry","category-cabildo","tag-fuerteventura"],"jetpack_featured_media_url":"https:\/\/informacionlocal.es\/wp-content\/uploads\/2026\/09\/whatsapp-image-2026-09-04-at-11-06-25.jpeg","_links":{"self":[{"href":"https:\/\/informacionlocal.es\/it\/wp-json\/wp\/v2\/posts\/25248","targetHints":{"allow":["GET"]}}],"collection":[{"href":"https:\/\/informacionlocal.es\/it\/wp-json\/wp\/v2\/posts"}],"about":[{"href":"https:\/\/informacionlocal.es\/it\/wp-json\/wp\/v2\/types\/post"}],"author":[{"embeddable":true,"href":"https:\/\/informacionlocal.es\/it\/wp-json\/wp\/v2\/users\/1"}],"replies":[{"embeddable":true,"href":"https:\/\/informacionlocal.es\/it\/wp-json\/wp\/v2\/comments?post=25248"}],"version-history":[{"count":0,"href":"https:\/\/informacionlocal.es\/it\/wp-json\/wp\/v2\/posts\/25248\/revisions"}],"wp:featuredmedia":[{"embeddable":true,"href":"https:\/\/informacionlocal.es\/it\/wp-json\/wp\/v2\/media\/25250"}],"wp:attachment":[{"href":"https:\/\/informacionlocal.es\/it\/wp-json\/wp\/v2\/media?parent=25248"}],"wp:term":[{"taxonomy":"category","embeddable":true,"href":"https:\/\/informacionlocal.es\/it\/wp-json\/wp\/v2\/categories?post=25248"},{"taxonomy":"post_tag","embeddable":true,"href":"https:\/\/informacionlocal.es\/it\/wp-json\/wp\/v2\/tags?post=25248"}],"curies":[{"name":"wp","href":"https:\/\/api.w.org\/{rel}","templated":true}]}}