{"id":25206,"date":"2026-09-03T12:01:41","date_gmt":"2026-09-03T11:01:41","guid":{"rendered":"https:\/\/informacionlocal.es\/candela-pena-y-secun-de-la-rosa-presentan-en-fuerteventura-precipicio-y-parapente-un-espectaculo-de-humor-e-improvisacion\/"},"modified":"2026-09-03T12:01:41","modified_gmt":"2026-09-03T11:01:41","slug":"candela-pena-y-secun-de-la-rosa-presentan-en-fuerteventura-precipicio-y-parapente-un-espectaculo-de-humor-e-improvisacion","status":"publish","type":"post","link":"https:\/\/informacionlocal.es\/it\/candela-pena-y-secun-de-la-rosa-presentan-en-fuerteventura-precipicio-y-parapente-un-espectaculo-de-humor-e-improvisacion\/","title":{"rendered":"Candela Pe\u00f1a y Secun de la Rosa presentan en Fuerteventura \u2018Precipicio y parapente\u2019, un espect\u00e1culo de humor e improvisaci\u00f3n"},"content":{"rendered":"<div class=\"entry-content\"><strong>3 septiembre, 2026<\/strong><\/p>\n<h2><em>La funci\u00f3n tendr\u00e1 lugar el 11 de septiembre, a las 20.30 horas, en el Auditorio Insular de Puerto del Rosario<\/em><\/h2>\n<p>La Consejer\u00eda de Cultura del Cabildo de Fuerteventura contin\u00faa ampliando su programaci\u00f3n con propuestas que acercan al p\u00fablico formatos esc\u00e9nicos diferentes y reconocidos nombres del panorama nacional. En este marco, los actores Candela Pe\u00f1a y Secun de la Rosa llegan a la Isla con \u2018Precipicio y parapente\u2019, un espect\u00e1culo que combina humor, improvisaci\u00f3n y conversaci\u00f3n en directo.<\/p>\n<p>La funci\u00f3n tendr\u00e1 lugar el pr\u00f3ximo 11 de septiembre, a las 20.30 horas, en el Auditorio Insular de Puerto del Rosario, donde ambos int\u00e9rpretes compartir\u00e1n con el p\u00fablico historias, recuerdos y an\u00e9cdotas de sus trayectorias profesionales en el cine, la televisi\u00f3n y el teatro.<\/p>\n<p>\u2018Precipicio y parapente\u2019 se aleja de los formatos esc\u00e9nicos convencionales para plantear un encuentro directo y cercano con los espectadores. Candela Pe\u00f1a y Secun de la Rosa se sientan frente al p\u00fablico para conversar con libertad, compartir experiencias y abordar, desde el humor y la iron\u00eda, cuestiones relacionadas con la profesi\u00f3n y con la propia vida.<\/p>\n<p>Uno de los elementos que caracteriza la propuesta es precisamente la improvisaci\u00f3n. Durante el espect\u00e1culo, los asistentes podr\u00e1n participar formulando preguntas a los int\u00e9rpretes, dando lugar a conversaciones espont\u00e1neas y situaciones que hacen que cada funci\u00f3n sea diferente.<\/p>\n<p>Con una amplia trayectoria en cine, televisi\u00f3n y teatro, Candela Pe\u00f1a y Secun de la Rosa han desarrollado algunas de las carreras m\u00e1s reconocibles de la interpretaci\u00f3n espa\u00f1ola. Su complicidad, fruto tambi\u00e9n de a\u00f1os de amistad y profesi\u00f3n compartida, constituye uno de los principales atractivos de un espect\u00e1culo concebido para disfrutar de una experiencia cercana, imprevisible y llena de humor.<\/p>\n<p>La funci\u00f3n de Fuerteventura forma parte de la gira que \u2018Precipicio y parapente\u2019 realizar\u00e1 por Canarias durante el mes de septiembre, y ser\u00e1 la primera parada de un recorrido que continuar\u00e1 posteriormente por Gran Canaria y Tenerife.<\/p>\n<p>Las entradas para la funci\u00f3n en el Auditorio Insular de Puerto del Rosario ya est\u00e1n disponibles en https:\/\/www.ecoentradas.com\/elegirsesion\/3343.<\/p>\n<\/div>\n","protected":false},"excerpt":{"rendered":"<p>3 septiembre, 2026 La funci\u00f3n tendr\u00e1 lugar el 11 de septiembre, a las 20.30 horas, en el Auditorio Insular de Puerto del Rosario La Consejer\u00eda de Cultura del Cabildo de [&hellip;]<\/p>\n","protected":false},"author":1,"featured_media":25208,"comment_status":"open","ping_status":"open","sticky":false,"template":"","format":"standard","meta":{"inline_featured_image":false,"jnews-multi-image_gallery":[],"jnews_single_post":[],"jnews_primary_category":[],"jnews_social_meta":[],"jnews_override_counter":[],"jnews_post_split":[],"footnotes":""},"categories":[58],"tags":[82],"class_list":["post-25206","post","type-post","status-publish","format-standard","has-post-thumbnail","hentry","category-cabildo","tag-fuerteventura"],"jetpack_featured_media_url":"https:\/\/informacionlocal.es\/wp-content\/uploads\/2026\/09\/precipicio-y-parapente.jpg","_links":{"self":[{"href":"https:\/\/informacionlocal.es\/it\/wp-json\/wp\/v2\/posts\/25206","targetHints":{"allow":["GET"]}}],"collection":[{"href":"https:\/\/informacionlocal.es\/it\/wp-json\/wp\/v2\/posts"}],"about":[{"href":"https:\/\/informacionlocal.es\/it\/wp-json\/wp\/v2\/types\/post"}],"author":[{"embeddable":true,"href":"https:\/\/informacionlocal.es\/it\/wp-json\/wp\/v2\/users\/1"}],"replies":[{"embeddable":true,"href":"https:\/\/informacionlocal.es\/it\/wp-json\/wp\/v2\/comments?post=25206"}],"version-history":[{"count":0,"href":"https:\/\/informacionlocal.es\/it\/wp-json\/wp\/v2\/posts\/25206\/revisions"}],"wp:featuredmedia":[{"embeddable":true,"href":"https:\/\/informacionlocal.es\/it\/wp-json\/wp\/v2\/media\/25208"}],"wp:attachment":[{"href":"https:\/\/informacionlocal.es\/it\/wp-json\/wp\/v2\/media?parent=25206"}],"wp:term":[{"taxonomy":"category","embeddable":true,"href":"https:\/\/informacionlocal.es\/it\/wp-json\/wp\/v2\/categories?post=25206"},{"taxonomy":"post_tag","embeddable":true,"href":"https:\/\/informacionlocal.es\/it\/wp-json\/wp\/v2\/tags?post=25206"}],"curies":[{"name":"wp","href":"https:\/\/api.w.org\/{rel}","templated":true}]}}