{"id":25182,"date":"2026-09-02T16:01:48","date_gmt":"2026-09-02T15:01:48","guid":{"rendered":"https:\/\/informacionlocal.es\/el-cabildo-de-fuerteventura-licita-el-centro-de-dia-para-mayores-de-costa-calma-por-51-millones-de-euros\/"},"modified":"2026-09-02T16:01:48","modified_gmt":"2026-09-02T15:01:48","slug":"el-cabildo-de-fuerteventura-licita-el-centro-de-dia-para-mayores-de-costa-calma-por-51-millones-de-euros","status":"publish","type":"post","link":"https:\/\/informacionlocal.es\/it\/el-cabildo-de-fuerteventura-licita-el-centro-de-dia-para-mayores-de-costa-calma-por-51-millones-de-euros\/","title":{"rendered":"El Cabildo de Fuerteventura licita el Centro de D\u00eda para Mayores de Costa Calma por 5,1 millones de euros"},"content":{"rendered":"<div class=\"entry-content\"><strong>2 septiembre, 2026<\/strong><\/p>\n<h2>El Cabildo de Fuerteventura, a trav\u00e9s de la Consejer\u00eda de Acci\u00f3n Social, ha sacado a licitaci\u00f3n el Centro de Estancia Diurna para Personas Mayores Dependientes que estar\u00e1 ubicado en Costa Calma, en el municipio de P\u00e1jara.<\/h2>\n<h3>Las personas interesadas pueden consultar toda la informaci\u00f3n en: https:\/\/sede.cabildofuer.es\/eAdmin\/PerfilContratante.do?action=verPublicaciones<\/h3>\n<p>La actuaci\u00f3n cuenta con un presupuesto base de licitaci\u00f3n de 5.181.048,74 euros y un plazo de ejecuci\u00f3n previsto de 16 meses.<\/p>\n<p>La presidenta del Cabildo de Fuerteventura, Lola Garc\u00eda, resalta la apuesta por incrementar las plazas sociosanitarias en la Isla, \u201ccon las personas siempre en el centro de las pol\u00edticas de la instituci\u00f3n insular\u201d.<\/p>\n<p>Dentro de este objetivo, \u201cseguimos incrementando los recursos sociosanitarios en Fuerteventura, con la licitaci\u00f3n por 5.181.048,74 euros del Centro de Estancia Diurna de Costa Calma\u201d.\u00a0 \u201cUn recurso muy necesario que incorpora otras 30 plazas sociosanitarias a la zona sur de Fuerteventura. Al mismo tiempo, se sigue trabajando para tener un centro en la zona Antigua-Betancuria y otros recursos de pr\u00f3xima apertura\u201d, a\u00f1ade Garc\u00eda.<\/p>\n<p>Lola Garc\u00eda destaca, adem\u00e1s, el trabajo coordinado entre los departamentos de Acci\u00f3n Social y Contrataci\u00f3n para sacar a licitaci\u00f3n este proyecto tan importante.<\/p>\n<p>Para el consejero de acci\u00f3n social V\u00edctor Alonso, \u201cesta infraestructura y los servicios que prestar\u00e1, ayudar\u00e1n en gran medida a dar respuesta a la necesidad de centros de d\u00eda en la isla de Fuerteventura. Los centros de estancia diurna que en la actualidad est\u00e1n en funcionamiento (Josefina Pla en Corralejo y Puerto del Rosario), el futuro centro de d\u00eda de personas mayores dependientes en Gran Tarajal ya en construcci\u00f3n y este nuevo que sale a licitaci\u00f3n en el d\u00eda de hoy vienen a resolver la falta de plazas sociosanitarias y de respiro familiar existente\u201d.<\/p>\n<p>Alonso manifiesta que hay que destacar que \u201cel \u00c1rea de Acci\u00f3n Social del Cabildo tiene dise\u00f1ado el Plan de Infraestructuras Sociosanitarias y de Respiro Familiar 2026\/2031, que ha sido coordinado y planificado con los diferentes Ayuntamientos de la isla, a los cuales hay que agradecer la colaboraci\u00f3n y predisposici\u00f3n en todo el proceso\u201d.<\/p>\n<p>\u201cEsta infraestructura que tiene un coste de algo m\u00e1s de cinco millones de euros es financiada con fondos propios de la Corporaci\u00f3n Insular, \u201clo que permitir\u00e1 tener una infraestructura sociosanitaria de primer orden en la zona sur de la Isla, dotando de servicios prioritarios a la poblaci\u00f3n en situaci\u00f3n de dependencia de la zona\u201d.<\/p>\n<p>El alcalde de P\u00e1jara, Alejandro Jorge, destaca la coordinaci\u00f3n entre administraciones que ha permitido la cesi\u00f3n del suelo por parte del Ayuntamiento y agradece el impulso que se est\u00e1 dando desde la Corporaci\u00f3n insular para hacer realidad este recurso.<\/p>\n<h3><strong>Caracter\u00edsticas del proyecto<\/strong><\/h3>\n<p>La infraestructura se ubicar\u00e1 en el municipio de P\u00e1jara, en una parcela ubicada en la zona de Ca\u00f1ada del R\u00edo. Este recurso tendr\u00e1 capacidad para 30 plazas, con un modelo de intervenci\u00f3n enfocado en la persona. Se ofrecer\u00e1 atenci\u00f3n individualizada, adem\u00e1s de actuaciones familiares y grupales.<\/p>\n<p>El Centro de Estancia Diurna para Personas Mayores Dependientes de Costa Calma contar\u00e1 con servicio de manutenci\u00f3n, servicio de cuidados de atenci\u00f3n personal y de limpieza, promoci\u00f3n de la autonom\u00eda personal, asistencia y promoci\u00f3n de la salud, atenci\u00f3n social y psicol\u00f3gica, as\u00ed como transporte, acogida temprana y otros tipos de apoyo para pacientes y familiares.<\/p>\n<p>El centro contar\u00e1 con \u00e1reas como salas polivalentes, zonas de terapia ocupacional, terapia, servicio de enfermer\u00eda, zona multiusos y oficinas de atenci\u00f3n a familias, entre otras instalaciones. Trabajar\u00e1n en el centro perfiles de trabajadores\/as sociales, psic\u00f3logos\/as, fisioterapeutas, t\u00e9cnicos superiores en animaci\u00f3n sociocultural, terapeutas ocupacionales, gerocultores, as\u00ed como personal de cocina, limpieza y mantenimiento.<\/p>\n<h3>Plazo de presentaci\u00f3n de ofertas<\/h3>\n<p>El plazo para presentar ofertas comenzar\u00e1 ma\u00f1ana, 3 de septiembre, y permanecer\u00e1 abierto hasta el 29 de septiembre de 2026 a las 12.00 horas. La documentaci\u00f3n y condiciones de la licitaci\u00f3n pueden consultarse en el Perfil del Contratante del Cabildo de Fuerteventura.<\/p>\n<p>\u00a0<\/p>\n<\/div>\n","protected":false},"excerpt":{"rendered":"<p>2 septiembre, 2026 El Cabildo de Fuerteventura, a trav\u00e9s de la Consejer\u00eda de Acci\u00f3n Social, ha sacado a licitaci\u00f3n el Centro de Estancia Diurna para Personas Mayores Dependientes que estar\u00e1 [&hellip;]<\/p>\n","protected":false},"author":1,"featured_media":25184,"comment_status":"open","ping_status":"open","sticky":false,"template":"","format":"standard","meta":{"inline_featured_image":false,"jnews-multi-image_gallery":[],"jnews_single_post":[],"jnews_primary_category":[],"jnews_social_meta":[],"jnews_override_counter":[],"jnews_post_split":[],"footnotes":""},"categories":[58],"tags":[82],"class_list":["post-25182","post","type-post","status-publish","format-standard","has-post-thumbnail","hentry","category-cabildo","tag-fuerteventura"],"jetpack_featured_media_url":"https:\/\/informacionlocal.es\/wp-content\/uploads\/2026\/09\/whatsapp-image-2026-09-02-at-08-38-09.jpeg","_links":{"self":[{"href":"https:\/\/informacionlocal.es\/it\/wp-json\/wp\/v2\/posts\/25182","targetHints":{"allow":["GET"]}}],"collection":[{"href":"https:\/\/informacionlocal.es\/it\/wp-json\/wp\/v2\/posts"}],"about":[{"href":"https:\/\/informacionlocal.es\/it\/wp-json\/wp\/v2\/types\/post"}],"author":[{"embeddable":true,"href":"https:\/\/informacionlocal.es\/it\/wp-json\/wp\/v2\/users\/1"}],"replies":[{"embeddable":true,"href":"https:\/\/informacionlocal.es\/it\/wp-json\/wp\/v2\/comments?post=25182"}],"version-history":[{"count":0,"href":"https:\/\/informacionlocal.es\/it\/wp-json\/wp\/v2\/posts\/25182\/revisions"}],"wp:featuredmedia":[{"embeddable":true,"href":"https:\/\/informacionlocal.es\/it\/wp-json\/wp\/v2\/media\/25184"}],"wp:attachment":[{"href":"https:\/\/informacionlocal.es\/it\/wp-json\/wp\/v2\/media?parent=25182"}],"wp:term":[{"taxonomy":"category","embeddable":true,"href":"https:\/\/informacionlocal.es\/it\/wp-json\/wp\/v2\/categories?post=25182"},{"taxonomy":"post_tag","embeddable":true,"href":"https:\/\/informacionlocal.es\/it\/wp-json\/wp\/v2\/tags?post=25182"}],"curies":[{"name":"wp","href":"https:\/\/api.w.org\/{rel}","templated":true}]}}