{"id":25170,"date":"2026-09-02T12:01:50","date_gmt":"2026-09-02T11:01:50","guid":{"rendered":"https:\/\/informacionlocal.es\/turismo-y-medio-ambiente-la-oliva-organiza-un-taller-gratuito-para-fomentar-el-compostaje-domestico-y-comunitario\/"},"modified":"2026-09-02T12:01:50","modified_gmt":"2026-09-02T11:01:50","slug":"turismo-y-medio-ambiente-la-oliva-organiza-un-taller-gratuito-para-fomentar-el-compostaje-domestico-y-comunitario","status":"publish","type":"post","link":"https:\/\/informacionlocal.es\/it\/turismo-y-medio-ambiente-la-oliva-organiza-un-taller-gratuito-para-fomentar-el-compostaje-domestico-y-comunitario\/","title":{"rendered":"Turismo y Medio Ambiente La Oliva organiza un taller gratuito para fomentar el compostaje dom\u00e9stico y comunitario"},"content":{"rendered":"<p>El Ayuntamiento de La Oliva, a trav\u00e9s de la Concejal\u00eda de Turismo y Medio Ambiente, que lidera David Fajardo, organiza en el marco del proyecto BIO ECO-TUR, financiado a trav\u00e9s del Programa Interreg MAC, un taller gratuito de concienciaci\u00f3n sobre Compostaje Comunitario y Dom\u00e9stico. La actividad tendr\u00e1 lugar el pr\u00f3ximo 11 de septiembre, de 17:00 a 19:00 horas, en la Asociaci\u00f3n Cultural Ra\u00edz del Pueblo, ubicada en la calle Francisco Fuentes Mart\u00edn, 11, en La Oliva. <\/p>\n<p>El taller tiene como objetivo acercar a la ciudadan\u00eda los beneficios del compostaje y poner en valor la importancia de aprovechar los residuos org\u00e1nicos como un recurso, contribuyendo as\u00ed a reducir la generaci\u00f3n de residuos y favorecer modelos m\u00e1s sostenibles de gesti\u00f3n de la materia org\u00e1nica.<\/p>\n<p>Durante la actividad se abordar\u00e1 el funcionamiento del suelo como un ecosistema vivo, as\u00ed como el papel de los microorganismos en la transformaci\u00f3n de los restos org\u00e1nicos en recursos de valor. Tambi\u00e9n se explicar\u00e1 c\u00f3mo la materia org\u00e1nica puede iniciar un nuevo ciclo de vida mediante el compostaje. <\/p>\n<p>Asimismo, las personas participantes podr\u00e1n conocer los beneficios que aporta la materia org\u00e1nica al suelo, entre ellos una mayor capacidad para retener agua, mejorar su fertilidad y favorecer el crecimiento de plantas m\u00e1s saludables. <\/p>\n<p>En este sentido, el taller pretende acercar el compostaje al \u00e1mbito dom\u00e9stico, mostrando que cualquier persona puede comenzar a compostar en casa con conocimientos b\u00e1sicos y materiales sencillos. A su vez, se pondr\u00e1 en valor el compostaje comunitario como una herramienta para fomentar la colaboraci\u00f3n, el aprendizaje y el compromiso ciudadano con el entorno.<\/p>\n<p>El alcalde de La Oliva, Isa\u00ed Blanco, se\u00f1ala la necesidad de seguir apostando por iniciativas como esta, de forma que se de a conocer el compostaje dom\u00e9stico y comunitario, contribuyendo as\u00ed a la educaci\u00f3n sostenible.  <\/p>\n<p>Por su parte, el concejal de Turismo y Medio Ambiente, David Fajardo, anima a los vecinos y vecinas del municipio a participar en esta iniciativa con el objetivo de descubrir c\u00f3mo peque\u00f1as acciones cotidianas pueden contribuir a cerrar el ciclo natural de la materia org\u00e1nica y avanzar hacia un municipio m\u00e1s sostenible. <\/p>\n<p>Las personas interesadas en participar podr\u00e1n realizar su inscripci\u00f3n a trav\u00e9s del siguiente enlace: https:\/\/forms.gle\/uR9desTFek6m5vYL8<\/p>\n","protected":false},"excerpt":{"rendered":"<p><span>La actividad se celebrar\u00e1 el 11 de septiembre en la Asociaci\u00f3n Cultural Ra\u00edz del Pueblo y permitir\u00e1 conocer los beneficios del compostaje y su contribuci\u00f3n a la sostenibilidad<\/span><\/p>\n","protected":false},"author":1,"featured_media":25172,"comment_status":"open","ping_status":"open","sticky":false,"template":"","format":"standard","meta":{"inline_featured_image":false,"jnews-multi-image_gallery":[],"jnews_single_post":[],"jnews_primary_category":[],"jnews_social_meta":[],"jnews_override_counter":[],"jnews_post_split":[],"footnotes":""},"categories":[62],"tags":[73,76],"class_list":["post-25170","post","type-post","status-publish","format-standard","has-post-thumbnail","hentry","category-la-oliva","tag-educacion","tag-medio-ambiente"],"jetpack_featured_media_url":"https:\/\/informacionlocal.es\/wp-content\/uploads\/2026\/09\/5355_c0d70c47.png","_links":{"self":[{"href":"https:\/\/informacionlocal.es\/it\/wp-json\/wp\/v2\/posts\/25170","targetHints":{"allow":["GET"]}}],"collection":[{"href":"https:\/\/informacionlocal.es\/it\/wp-json\/wp\/v2\/posts"}],"about":[{"href":"https:\/\/informacionlocal.es\/it\/wp-json\/wp\/v2\/types\/post"}],"author":[{"embeddable":true,"href":"https:\/\/informacionlocal.es\/it\/wp-json\/wp\/v2\/users\/1"}],"replies":[{"embeddable":true,"href":"https:\/\/informacionlocal.es\/it\/wp-json\/wp\/v2\/comments?post=25170"}],"version-history":[{"count":0,"href":"https:\/\/informacionlocal.es\/it\/wp-json\/wp\/v2\/posts\/25170\/revisions"}],"wp:featuredmedia":[{"embeddable":true,"href":"https:\/\/informacionlocal.es\/it\/wp-json\/wp\/v2\/media\/25172"}],"wp:attachment":[{"href":"https:\/\/informacionlocal.es\/it\/wp-json\/wp\/v2\/media?parent=25170"}],"wp:term":[{"taxonomy":"category","embeddable":true,"href":"https:\/\/informacionlocal.es\/it\/wp-json\/wp\/v2\/categories?post=25170"},{"taxonomy":"post_tag","embeddable":true,"href":"https:\/\/informacionlocal.es\/it\/wp-json\/wp\/v2\/tags?post=25170"}],"curies":[{"name":"wp","href":"https:\/\/api.w.org\/{rel}","templated":true}]}}