{"id":2490,"date":"2025-04-24T13:20:19","date_gmt":"2025-04-24T13:20:19","guid":{"rendered":"https:\/\/informacionlocal.es\/il-municipio-di-pajara-avvia-lopera-piu-ambiziosa-degli-ultimi-25-anni-a-morro-jable\/"},"modified":"2025-04-24T13:20:19","modified_gmt":"2025-04-24T13:20:19","slug":"il-municipio-di-pajara-avvia-lopera-piu-ambiziosa-degli-ultimi-25-anni-a-morro-jable","status":"publish","type":"post","link":"https:\/\/informacionlocal.es\/it\/il-municipio-di-pajara-avvia-lopera-piu-ambiziosa-degli-ultimi-25-anni-a-morro-jable\/","title":{"rendered":"Il Municipio di P\u00e1jara avvia l&#8217;opera pi\u00f9 ambiziosa degli ultimi 25 anni a Morro Jable"},"content":{"rendered":"<div class=\"entry-content\">\n<p><b><i>La Plenaria approva un progetto storico del valore di oltre 15 milioni di euro per il rifacimento completo di Piazza Tagoror e Piazza Los Ganaderos.  <\/i><\/b><\/p>\n<p><b><i>  Il progetto comprende un Centro comunitario integrato che ospiter\u00e0 un auditorium per 400 persone, 196 parcheggi sotterranei e nuove aree verdi e pedonali.<\/i><\/b><\/p>\n<p><span>Il Municipio di P\u00e1jara ha compiuto un passo storico per il Comune con l&#8217;approvazione del dossier per la pi\u00f9 grande trasformazione urbana di Morro Jable degli ultimi 25 anni. La Plenaria ha approvato il bando di gara per il rimodellamento integrale della piazza Tagoror e della Plaza de los Ganaderos, un&#8217;opera strategica che trasformer\u00e0 questo spazio in un riferimento per l&#8217;accessibilit\u00e0, la sostenibilit\u00e0 e la cultura, con un budget di base di oltre 15 milioni di euro e un periodo di completamento stimato in 26 mesi. Al termine della sessione plenaria, il sindaco di P\u00e1jara, Alejandro Jorge, e il primo vicesindaco e assessore ai Lavori, Alexis Alonso, hanno espresso la loro soddisfazione per il raggiungimento di questo grande obiettivo.  <\/span><\/p>\n<p><span>Il primo vicesindaco e assessore ai Lavori, Alexis Alonso, sottolinea l&#8217;importanza di questo progetto per il futuro della citt\u00e0. &#8220;Stiamo parlando di un intervento che va dalla riqualificazione delle piazze e delle strade, alla creazione di uno spazio verde urbano che collega l&#8217;intero nucleo centrale di Morro Jable&#8221;, afferma, aggiungendo che diventer\u00e0 un punto strategico per promuovere la convivenza tra i cittadini.   <\/span><\/p>\n<p><span>Inoltre, il vicesindaco sottolinea che &#8220;verr\u00e0 realizzato un Centro di Dotazione Integrato, che diventer\u00e0 un punto di riferimento per l&#8217;attivit\u00e0 culturale, con una biblioteca, una sala riunioni per 400 persone, spazi multifunzionali per la formazione, una caffetteria, un chiosco con terrazza, e allo stesso tempo verr\u00e0 creato un parcheggio sotterraneo con 196 posti auto&#8221;.  <\/span><\/p>\n<p><span>Il sindaco di P\u00e1jara, Alejandro Jorge, assicura che questo progetto rappresenta un fermo impegno per una citt\u00e0 pi\u00f9 moderna, con servizi pubblici di qualit\u00e0 e spazi dignitosi per i cittadini. &#8220;Non si tratta solo di un&#8217;opera, ma di una trasformazione che avr\u00e0 un impatto diretto sulla vita dei nostri vicini. Questa iniziativa dimostra l&#8217;impegno del Comune nella creazione di nuovi spazi pubblici&#8221;, ha dichiarato.   <\/span><\/p>\n<p><span>&#8220;Abbiamo parlato di questo progetto per molti anni e, con il passo compiuto oggi in sessione plenaria, si proceder\u00e0 alla gara d&#8217;appalto. Lavorando con costanza, continueremo a fare progressi costanti nel miglioramento di ogni localit\u00e0&#8221;, ha osservato il sindaco.  <\/span><\/p>\n<p><span>Il progetto non solo rappresenta un impegno di modernizzazione urbana, ma risponde anche alle esigenze della popolazione, che finora non disponeva di infrastrutture adeguate per lo studio, la formazione o lo svolgimento di eventi culturali, musicali e sociali. Inoltre, la costruzione del nuovo parcheggio migliorer\u00e0 significativamente la mobilit\u00e0 e l&#8217;accesso al centro cittadino, facilitando la vita quotidiana dei residenti e dei visitatori della zona.   <\/span><\/p>\n<p><span>Questo importante progetto sar\u00e0 finanziato dal Fondo di Sviluppo delle Isole Canarie (FDCAN) e dal Consiglio dell&#8217;Isola di Fuerteventura, in collaborazione con il Comune di P\u00e1jara. L&#8217;ente comunale riconosce il coinvolgimento dell&#8217;istituzione isolana in questo progetto, sottolineando l&#8217;importanza del lavoro congiunto tra amministrazioni per realizzare un progetto di questa portata.   <\/span><\/p>\n<p><span>Con questa azione, il Municipio non solo promuove il pi\u00f9 grande investimento pubblico a Morro Jable degli ultimi decenni, ma pone anche le basi per un modello di sviluppo urbano pi\u00f9 inclusivo, sostenibile e orientato alle persone. \u00c8 una trasformazione che segner\u00e0 una pietra miliare nella storia del comune. <\/span><\/p>\n<div>Condividi<\/div>\n<\/div>\n","protected":false},"excerpt":{"rendered":"<p><i>La Plenaria approva un progetto storico del valore di oltre 15 milioni di euro per il rifacimento completo di Piazza Tagoror e Piazza Los Ganaderos.  <\/i><\/p>\n","protected":false},"author":1,"featured_media":2485,"comment_status":"open","ping_status":"open","sticky":false,"template":"","format":"standard","meta":{"inline_featured_image":false,"jnews-multi-image_gallery":[],"jnews_single_post":[],"jnews_primary_category":[],"jnews_social_meta":[],"jnews_override_counter":[],"jnews_post_split":[],"footnotes":""},"categories":[298],"tags":[223,203],"class_list":["post-2490","post","type-post","status-publish","format-standard","has-post-thumbnail","hentry","category-pajara-it","tag-fuerteventura-it","tag-servizi-pubblici"],"jetpack_featured_media_url":"https:\/\/informacionlocal.es\/wp-content\/uploads\/2025\/04\/parquetagororyganaderos-e1745496913430.png","_links":{"self":[{"href":"https:\/\/informacionlocal.es\/it\/wp-json\/wp\/v2\/posts\/2490","targetHints":{"allow":["GET"]}}],"collection":[{"href":"https:\/\/informacionlocal.es\/it\/wp-json\/wp\/v2\/posts"}],"about":[{"href":"https:\/\/informacionlocal.es\/it\/wp-json\/wp\/v2\/types\/post"}],"author":[{"embeddable":true,"href":"https:\/\/informacionlocal.es\/it\/wp-json\/wp\/v2\/users\/1"}],"replies":[{"embeddable":true,"href":"https:\/\/informacionlocal.es\/it\/wp-json\/wp\/v2\/comments?post=2490"}],"version-history":[{"count":0,"href":"https:\/\/informacionlocal.es\/it\/wp-json\/wp\/v2\/posts\/2490\/revisions"}],"wp:featuredmedia":[{"embeddable":true,"href":"https:\/\/informacionlocal.es\/it\/wp-json\/wp\/v2\/media\/2485"}],"wp:attachment":[{"href":"https:\/\/informacionlocal.es\/it\/wp-json\/wp\/v2\/media?parent=2490"}],"wp:term":[{"taxonomy":"category","embeddable":true,"href":"https:\/\/informacionlocal.es\/it\/wp-json\/wp\/v2\/categories?post=2490"},{"taxonomy":"post_tag","embeddable":true,"href":"https:\/\/informacionlocal.es\/it\/wp-json\/wp\/v2\/tags?post=2490"}],"curies":[{"name":"wp","href":"https:\/\/api.w.org\/{rel}","templated":true}]}}