{"id":2465,"date":"2025-04-23T23:01:03","date_gmt":"2025-04-23T23:01:03","guid":{"rendered":"https:\/\/informacionlocal.es\/puerto-del-rosario-promuove-il-recupero-del-serbatoio-dellacqua-di-la-charca-come-nuovo-spazio-culturale-ed-espositivo\/"},"modified":"2025-04-23T23:01:03","modified_gmt":"2025-04-23T23:01:03","slug":"puerto-del-rosario-promuove-il-recupero-del-serbatoio-dellacqua-di-la-charca-come-nuovo-spazio-culturale-ed-espositivo","status":"publish","type":"post","link":"https:\/\/informacionlocal.es\/it\/puerto-del-rosario-promuove-il-recupero-del-serbatoio-dellacqua-di-la-charca-come-nuovo-spazio-culturale-ed-espositivo\/","title":{"rendered":"Puerto del Rosario promuove il recupero del serbatoio dell&#8217;acqua di La Charca come nuovo spazio culturale ed espositivo."},"content":{"rendered":"<div class=\"entry-content\">\n<p>Il Comune di Puerto del Rosario, attraverso l&#8217;Assessorato alla Cultura, ha compiuto un nuovo passo verso il recupero di uno degli elementi pi\u00f9 emblematici del patrimonio comunale: l&#8217;antico serbatoio dell&#8217;acqua di La Charca.<\/p>\n<p>Il consigliere di zona Juan Manuel Verdugo ha visitato lo spazio nella mattinata di mercoled\u00ec 23 aprile, insieme all&#8217;architetto che ha redatto il progetto, Nuria Vallesp\u00edn, in una giornata caratterizzata dall&#8217;impegno a trasformare questa enclave storica in un nuovo spazio culturale per i cittadini.<\/p>\n<p>Costruito in epoca repubblicana, il bacino di La Charca si distingue per la sua imponente struttura in basalto con una pianta di 2.000 metri quadrati, divisa in due bacini indipendenti con pareti spesse un metro e mezzo e un totale di 56 pilastri. Questa infrastruttura, ceduta al Comune due anni fa dall&#8217;Autorit\u00e0 Portuale, simboleggia un periodo chiave della storia di Fuerteventura, in cui l&#8217;accesso all&#8217;acqua ha segnato profondamente lo sviluppo dell&#8217;isola. <\/p>\n<p>Secondo le parole del <strong>sindaco, David de Vera<\/strong>, &#8220;questa infrastruttura \u00e8 una buona opportunit\u00e0 per aumentare gli spazi pubblici che, una volta abilitati, possono ospitare attivit\u00e0 di vario genere. Luoghi di incontro sociale e culturale per ospitare le numerose attivit\u00e0 organizzate dal Comune o da diverse associazioni e gruppi&#8221;.<\/p>\n<p>&#8220;Siamo di fronte a un&#8217;imponente infrastruttura che \u00e8 stata in disuso per anni e che oggi iniziamo a rivalutare&#8221;, ha dichiarato l&#8217;<strong>assessore alla Cultura, Juan Manuel Verdugo<\/strong>. &#8220;Questo progetto non rappresenta solo un impegno per la cultura e il patrimonio, ma anche una riflessione su come Fuerteventura abbia storicamente lottato contro la scarsit\u00e0 d&#8217;acqua. Aspiriamo a trasformare questo spazio in un centro culturale polivalente che ospiti mostre, proiezioni e attivit\u00e0 che mettano in contatto i nostri cittadini con la loro memoria storica&#8221;.<\/p>\n<p>L&#8217;architetto Nuria Vallesp\u00edn, da parte sua, ha sottolineato l&#8217;unicit\u00e0 dello spazio: &#8220;\u00c8 un luogo spettacolare per il suo vuoto architettonico, che ci permetter\u00e0 di offrire a Puerto del Rosario e a tutta l&#8217;isola un centro espositivo che ricrea il modo in cui l&#8217;acqua veniva raccolta e distribuita negli anni &#8217;30. \u00c8 anche un&#8217;opportunit\u00e0 per aprire il dibattito pubblico su quali usi culturali vogliamo per questo nuovo museo dell&#8217;acqua&#8221;.<\/p>\n<p>Il progetto prevede la redazione del piano di base e di esecuzione, nonch\u00e9 lo sviluppo degli impianti elettrici, igienico-sanitari, di condizionamento, di illuminazione e di impermeabilizzazione, in conformit\u00e0 al Codice Tecnico dell&#8217;Edilizia. Con un budget iniziale di 12.840 euro, finanziato con fondi comunali, l&#8217;obiettivo \u00e8 quello di optare per futuri investimenti europei per intraprendere i lavori di riabilitazione. L&#8217;Assessorato alla Cultura sta lavorando affinch\u00e9 questa nuova struttura diventi un punto di riferimento culturale nella capitale di Maiorca, rivendicando allo stesso tempo il valore dell&#8217;architettura industriale come parte essenziale dell&#8217;eredit\u00e0 del Comune.  <\/p>\n<p>Questo progetto rafforza l&#8217;impegno del Municipio di Puerto del Rosario per il recupero del patrimonio storico e la sua integrazione attiva nella vita culturale della capitale dell&#8217;isola.<\/p>\n<\/div>\n","protected":false},"excerpt":{"rendered":"<p>Il Comune di Puerto del Rosario, attraverso l&#8217;Assessorato alla Cultura, ha compiuto un nuovo passo verso il recupero di uno degli elementi pi\u00f9 emblematici del patrimonio comunale: l&#8217;antico serbatoio dell&#8217;acqua [&hellip;]<\/p>\n","protected":false},"author":1,"featured_media":2461,"comment_status":"open","ping_status":"open","sticky":false,"template":"","format":"standard","meta":{"inline_featured_image":false,"jnews-multi-image_gallery":[],"jnews_single_post":[],"jnews_primary_category":[],"jnews_social_meta":[],"jnews_override_counter":[],"jnews_post_split":[],"footnotes":""},"categories":[295],"tags":[223,220],"class_list":["post-2465","post","type-post","status-publish","format-standard","has-post-thumbnail","hentry","category-puerto-del-rosario-it","tag-fuerteventura-it","tag-integrazione"],"jetpack_featured_media_url":"https:\/\/informacionlocal.es\/wp-content\/uploads\/2025\/04\/deposito-33-charca-interior-2.jpg","_links":{"self":[{"href":"https:\/\/informacionlocal.es\/it\/wp-json\/wp\/v2\/posts\/2465","targetHints":{"allow":["GET"]}}],"collection":[{"href":"https:\/\/informacionlocal.es\/it\/wp-json\/wp\/v2\/posts"}],"about":[{"href":"https:\/\/informacionlocal.es\/it\/wp-json\/wp\/v2\/types\/post"}],"author":[{"embeddable":true,"href":"https:\/\/informacionlocal.es\/it\/wp-json\/wp\/v2\/users\/1"}],"replies":[{"embeddable":true,"href":"https:\/\/informacionlocal.es\/it\/wp-json\/wp\/v2\/comments?post=2465"}],"version-history":[{"count":0,"href":"https:\/\/informacionlocal.es\/it\/wp-json\/wp\/v2\/posts\/2465\/revisions"}],"wp:featuredmedia":[{"embeddable":true,"href":"https:\/\/informacionlocal.es\/it\/wp-json\/wp\/v2\/media\/2461"}],"wp:attachment":[{"href":"https:\/\/informacionlocal.es\/it\/wp-json\/wp\/v2\/media?parent=2465"}],"wp:term":[{"taxonomy":"category","embeddable":true,"href":"https:\/\/informacionlocal.es\/it\/wp-json\/wp\/v2\/categories?post=2465"},{"taxonomy":"post_tag","embeddable":true,"href":"https:\/\/informacionlocal.es\/it\/wp-json\/wp\/v2\/tags?post=2465"}],"curies":[{"name":"wp","href":"https:\/\/api.w.org\/{rel}","templated":true}]}}