{"id":2441,"date":"2025-04-23T11:16:11","date_gmt":"2025-04-23T11:16:11","guid":{"rendered":"https:\/\/informacionlocal.es\/los-gofiones-confermano-la-loro-presenza-ad-antigua-in-occasione-della-36a-fiera-dellartigianato-isolano\/"},"modified":"2025-04-23T11:16:11","modified_gmt":"2025-04-23T11:16:11","slug":"los-gofiones-confermano-la-loro-presenza-ad-antigua-in-occasione-della-36a-fiera-dellartigianato-isolano","status":"publish","type":"post","link":"https:\/\/informacionlocal.es\/it\/los-gofiones-confermano-la-loro-presenza-ad-antigua-in-occasione-della-36a-fiera-dellartigianato-isolano\/","title":{"rendered":"Los Gofiones confermano la loro presenza ad Antigua in occasione della 36\u00aa Fiera dell&#8217;Artigianato isolano"},"content":{"rendered":"<div class=\"elementor-widget-container\">\n<p><strong>Los Gofiones confermano la loro presenza ad Antigua in occasione della 36\u00aa Fiera dell&#8217;Artigianato isolano<\/strong><\/p>\n<p><strong>&#8211; Los Gofiones celebrano l&#8217;artigianato, la tradizione e la Festa della Mamma in concerto alla Feria Insular de Artesan\u00eda di Antigua, domenica 4 maggio.  <\/strong><br \/><strong>&#8211; L&#8217;inaugurazione della XXXVI Feria Insular de Artesan\u00eda Fuerteventura 2025 si terr\u00e0 gioved\u00ec 1\u00b0 maggio alle ore 18:00 nella Plaza de Antigua.<\/strong><\/p>\n<p>La 36\u00aa Fiera dell&#8217;Artigianato dell&#8217;Isola, che si terr\u00e0 da gioved\u00ec 1 a domenica 4 maggio, sta svelando a poco a poco le sorprese e le performance di spicco di un programma completo, attraente e adatto alle famiglie, che accompagner\u00e0 e beneficer\u00e0 sicuramente i quasi 200 artigiani e artigiane che partecipano a questo evento di carattere pi\u00f9 regionale che insulare, con la partecipazione di tutte le isole, afferma il sindaco di Antigua, Mat\u00edas Pe\u00f1a.<\/p>\n<p>Mentre eravamo ancora in trattativa, c&#8217;era cos\u00ec tanto entusiasmo e desiderio da entrambe le parti che abbiamo annunciato la data prima di chiuderla&#8221;, aggiunge l&#8217;Assessore alla Cultura, Jonathan Pe\u00f1a, ma ora \u00e8 una realt\u00e0 e questa conferma, Los Gofiones, partecipano alla Feria Insular de Artesan\u00eda con un concerto di musica popolare canaria in omaggio alla tradizione, all&#8217;artigianato, celebrando al meglio anche la Festa della Mamma di domenica 4 maggio.<\/p>\n<p>Il noto gruppo di musica popolare delle Canarie, con 57 anni di storia e una cinquantina di membri, ci accompagner\u00e0 il prossimo fine settimana durante la celebrazione della Fiera dell&#8217;Artigianato dell&#8217;Isola di Fuerteventura 2025&#8243;, afferma l&#8217;Assessore alla Cultura di Antigua, Jonathan Pe\u00f1a.<\/p>\n<\/p>\n<\/div>\n","protected":false},"excerpt":{"rendered":"<p><strong>Los Gofiones confermano la loro presenza ad Antigua in occasione della 36\u00aa Fiera dell&#8217;Artigianato isolano<\/strong><\/p>\n","protected":false},"author":1,"featured_media":2437,"comment_status":"open","ping_status":"open","sticky":false,"template":"","format":"standard","meta":{"inline_featured_image":false,"jnews-multi-image_gallery":[],"jnews_single_post":[],"jnews_primary_category":[],"jnews_social_meta":[],"jnews_override_counter":[],"jnews_post_split":[],"footnotes":""},"categories":[282],"tags":[223],"class_list":["post-2441","post","type-post","status-publish","format-standard","has-post-thumbnail","hentry","category-antigua-it","tag-fuerteventura-it"],"jetpack_featured_media_url":"https:\/\/informacionlocal.es\/wp-content\/uploads\/2025\/04\/cartel-fia-2025-scaled-1.jpg","_links":{"self":[{"href":"https:\/\/informacionlocal.es\/it\/wp-json\/wp\/v2\/posts\/2441","targetHints":{"allow":["GET"]}}],"collection":[{"href":"https:\/\/informacionlocal.es\/it\/wp-json\/wp\/v2\/posts"}],"about":[{"href":"https:\/\/informacionlocal.es\/it\/wp-json\/wp\/v2\/types\/post"}],"author":[{"embeddable":true,"href":"https:\/\/informacionlocal.es\/it\/wp-json\/wp\/v2\/users\/1"}],"replies":[{"embeddable":true,"href":"https:\/\/informacionlocal.es\/it\/wp-json\/wp\/v2\/comments?post=2441"}],"version-history":[{"count":0,"href":"https:\/\/informacionlocal.es\/it\/wp-json\/wp\/v2\/posts\/2441\/revisions"}],"wp:featuredmedia":[{"embeddable":true,"href":"https:\/\/informacionlocal.es\/it\/wp-json\/wp\/v2\/media\/2437"}],"wp:attachment":[{"href":"https:\/\/informacionlocal.es\/it\/wp-json\/wp\/v2\/media?parent=2441"}],"wp:term":[{"taxonomy":"category","embeddable":true,"href":"https:\/\/informacionlocal.es\/it\/wp-json\/wp\/v2\/categories?post=2441"},{"taxonomy":"post_tag","embeddable":true,"href":"https:\/\/informacionlocal.es\/it\/wp-json\/wp\/v2\/tags?post=2441"}],"curies":[{"name":"wp","href":"https:\/\/api.w.org\/{rel}","templated":true}]}}