{"id":2427,"date":"2025-04-23T10:17:05","date_gmt":"2025-04-23T10:17:05","guid":{"rendered":"https:\/\/informacionlocal.es\/spettacolo-equestre-e-di-danza-flamenca-questo-venerdi-a-caleta-de-fuste\/"},"modified":"2025-04-23T10:17:05","modified_gmt":"2025-04-23T10:17:05","slug":"spettacolo-equestre-e-di-danza-flamenca-questo-venerdi-a-caleta-de-fuste","status":"publish","type":"post","link":"https:\/\/informacionlocal.es\/it\/spettacolo-equestre-e-di-danza-flamenca-questo-venerdi-a-caleta-de-fuste\/","title":{"rendered":"Spettacolo equestre e di danza flamenca questo venerd\u00ec a Caleta de Fuste"},"content":{"rendered":"<div class=\"elementor-widget-container\">\n<p><strong>Spettacolo equestre e di danza flamenca questo venerd\u00ec a Caleta de Fuste<\/strong><\/p>\n<p><strong>&#8211; Dalle 17:30 alle 23:00, la Plaza de El Castillo ospiter\u00e0 uno spettacolo equestre con sei scuderie partecipanti, gruppi di canto e due accademie di danza flamenca.<\/strong><\/p>\n<p>Il Municipio di Antigua e il Dipartimento del Turismo organizzano uno spettacolo equestre e di danza flamenca, aperto e gratuito, nella Plaza del Castillo venerd\u00ec 25 aprile dalle 17:30 alle 23:00.<\/p>\n<p>Non \u00e8 la prima volta che organizziamo questo spettacolo a Caleta de Fuste&#8221;, afferma l&#8217;Assessore al Turismo, Kristina Rodewig, &#8220;e visto il magnifico riscontro in termini di presenze e impressioni, lo riproponiamo, vestendo per l&#8217;occasione la Plaza del Castillo.<\/p>\n<p>Uno spettacolo, dice l&#8217;assessore, che inizia con una sfilata di cavalli e pony a cui partecipano sei scuderie diverse ed eccellenti, come Crines del Viento, El Aceitunal, El Alberc\u00f3n, Victoria, Calesa de ponis e M\u00e1rquez Aguiar.<\/p>\n<p>La piazza, addobbata per l&#8217;occasione, ospiter\u00e0 lo spettacolo di danza equestre e flamenco in cui si potr\u00e0 godere dell&#8217;eleganza dei cavalli e dei loro cavalieri che accompagnano l&#8217;espressione flamenca offerta dalla ballerina Ana Villacampa e dalla sua scuola e dalla scuola dei cinque sensi.<\/p>\n<p>Ci sar\u00e0 anche il canto flamenco con il gruppo Con arte, nella voce di Eva Aroca e la danza di Zaida Mart\u00ednez, aggiunge Rodewig, in una piazza preparata anche per i pi\u00f9 piccoli con divertenti castelli gonfiabili e la popolare piattaforma video a 360\u00ba.<\/p>\n<p>Un evento di flamenco nel mese di aprile \u00e8 un&#8217;attrazione per le famiglie residenti e soprattutto per molti turisti che visitano la citt\u00e0, dice il sindaco Mat\u00edas Pe\u00f1a, godendo di un pomeriggio di spettacoli equestri, costumi e colori del flamenco, oltre a balli e canti artistici.<\/p>\n<\/p>\n<\/div>\n","protected":false},"excerpt":{"rendered":"<p><strong>Spettacolo equestre e di danza flamenca questo venerd\u00ec a Caleta de Fuste<\/strong><\/p>\n","protected":false},"author":1,"featured_media":2425,"comment_status":"open","ping_status":"open","sticky":false,"template":"","format":"standard","meta":{"inline_featured_image":false,"jnews-multi-image_gallery":[],"jnews_single_post":[],"jnews_primary_category":[],"jnews_social_meta":[],"jnews_override_counter":[],"jnews_post_split":[],"footnotes":""},"categories":[282],"tags":[],"class_list":["post-2427","post","type-post","status-publish","format-standard","has-post-thumbnail","hentry","category-antigua-it"],"jetpack_featured_media_url":"https:\/\/informacionlocal.es\/wp-content\/uploads\/2025\/04\/imagen-de-whatsapp-2025-04-16-a-las-09-58-09_6ad7a92d.jpg","_links":{"self":[{"href":"https:\/\/informacionlocal.es\/it\/wp-json\/wp\/v2\/posts\/2427","targetHints":{"allow":["GET"]}}],"collection":[{"href":"https:\/\/informacionlocal.es\/it\/wp-json\/wp\/v2\/posts"}],"about":[{"href":"https:\/\/informacionlocal.es\/it\/wp-json\/wp\/v2\/types\/post"}],"author":[{"embeddable":true,"href":"https:\/\/informacionlocal.es\/it\/wp-json\/wp\/v2\/users\/1"}],"replies":[{"embeddable":true,"href":"https:\/\/informacionlocal.es\/it\/wp-json\/wp\/v2\/comments?post=2427"}],"version-history":[{"count":0,"href":"https:\/\/informacionlocal.es\/it\/wp-json\/wp\/v2\/posts\/2427\/revisions"}],"wp:featuredmedia":[{"embeddable":true,"href":"https:\/\/informacionlocal.es\/it\/wp-json\/wp\/v2\/media\/2425"}],"wp:attachment":[{"href":"https:\/\/informacionlocal.es\/it\/wp-json\/wp\/v2\/media?parent=2427"}],"wp:term":[{"taxonomy":"category","embeddable":true,"href":"https:\/\/informacionlocal.es\/it\/wp-json\/wp\/v2\/categories?post=2427"},{"taxonomy":"post_tag","embeddable":true,"href":"https:\/\/informacionlocal.es\/it\/wp-json\/wp\/v2\/tags?post=2427"}],"curies":[{"name":"wp","href":"https:\/\/api.w.org\/{rel}","templated":true}]}}