{"id":2418,"date":"2025-04-22T14:51:25","date_gmt":"2025-04-22T14:51:25","guid":{"rendered":"https:\/\/informacionlocal.es\/antigua-si-accorda-con-la-camera-di-commercio-per-promuovere-le-giornate-della-formazione-professionale\/"},"modified":"2025-04-22T14:51:25","modified_gmt":"2025-04-22T14:51:25","slug":"antigua-si-accorda-con-la-camera-di-commercio-per-promuovere-le-giornate-della-formazione-professionale","status":"publish","type":"post","link":"https:\/\/informacionlocal.es\/it\/antigua-si-accorda-con-la-camera-di-commercio-per-promuovere-le-giornate-della-formazione-professionale\/","title":{"rendered":"Antigua si accorda con la Camera di Commercio per promuovere le Giornate della Formazione Professionale"},"content":{"rendered":"<div class=\"elementor-widget-container\">\n<p><strong>Antigua presenta alla Camera di Commercio i miglioramenti apportati a El Castillo, ai villaggi e alle aree commerciali dopo aver investito pi\u00f9 di 20 milioni di euro<\/strong><\/p>\n<p><strong>Antigua si accorda con la Camera di Commercio per promuovere le Giornate della Formazione Professionale<\/strong><\/p>\n<p><strong>&#8211; I rappresentanti della Camera di Commercio confermano la promozione, l&#8217;abbellimento e la modernizzazione delle principali zone commerciali, strade e aree del Comune di Antigua.<\/strong><\/p>\n<p>Il sindaco, Mat\u00edas Pe\u00f1a Garc\u00eda, e l&#8217;assessore al Commercio, Giuseppe Signorino, hanno tenuto un incontro questo marted\u00ec mattina, 22 aprile, con i rappresentanti della Commissione Commercio Interno della Camera di Commercio, Industria, Servizi e Navigazione di Fuerteventura.<\/p>\n<p>Durante l&#8217;incontro, il sindaco ha illustrato gli importanti miglioramenti apportati alle strade, ai viali e alle aree pedonali di citt\u00e0 e villaggi come Valles de Ortega, Casillas de Morales e Caleta de Fuste, dove il completamento quest&#8217;anno di progetti per un valore di oltre 20 milioni di euro ha significato un ammodernamento e un impulso alle aree commerciali e al benessere delle famiglie residenti e dei turisti che ci visitano.<\/p>\n<p>Questo incontro tra la Camera di Commercio e il Municipio di Antigua \u00e8 la continuazione dell&#8217;accordo adottato alla fine dello scorso anno per coordinare le azioni a favore e per lo sviluppo dei negozi e dei servizi del Comune, ha dichiarato la rappresentante della Camera, Daniela Plotegher, che ha sottolineato di aver verificato personalmente l&#8217;ammodernamento e il miglioramento degli accessi e l&#8217;abbellimento delle principali aree commerciali del Comune.<\/p>\n<p>Le due istituzioni manterranno questi incontri di contatto e coordinamento, promuovendo, tra le altre azioni, l&#8217;organizzazione di Giornate di formazione professionale volte a fornire risorse di gestione, promozione e vendita ai titolari di piccole e medie imprese.<\/p>\n<\/div>\n","protected":false},"excerpt":{"rendered":"<p><strong>Antigua presenta alla Camera di Commercio i miglioramenti apportati a El Castillo, ai villaggi e alle aree commerciali dopo aver investito pi\u00f9 di 20 milioni di euro<\/strong><\/p>\n","protected":false},"author":1,"featured_media":2413,"comment_status":"open","ping_status":"open","sticky":false,"template":"","format":"standard","meta":{"inline_featured_image":false,"jnews-multi-image_gallery":[],"jnews_single_post":[],"jnews_primary_category":[],"jnews_social_meta":[],"jnews_override_counter":[],"jnews_post_split":[],"footnotes":""},"categories":[282],"tags":[223],"class_list":["post-2418","post","type-post","status-publish","format-standard","has-post-thumbnail","hentry","category-antigua-it","tag-fuerteventura-it"],"jetpack_featured_media_url":"https:\/\/informacionlocal.es\/wp-content\/uploads\/2025\/04\/antigua-acuerda-con-camara-de-comercio-impulsar-unas-jornadas-formativas-profesionales-scaled-1.jpg","_links":{"self":[{"href":"https:\/\/informacionlocal.es\/it\/wp-json\/wp\/v2\/posts\/2418","targetHints":{"allow":["GET"]}}],"collection":[{"href":"https:\/\/informacionlocal.es\/it\/wp-json\/wp\/v2\/posts"}],"about":[{"href":"https:\/\/informacionlocal.es\/it\/wp-json\/wp\/v2\/types\/post"}],"author":[{"embeddable":true,"href":"https:\/\/informacionlocal.es\/it\/wp-json\/wp\/v2\/users\/1"}],"replies":[{"embeddable":true,"href":"https:\/\/informacionlocal.es\/it\/wp-json\/wp\/v2\/comments?post=2418"}],"version-history":[{"count":0,"href":"https:\/\/informacionlocal.es\/it\/wp-json\/wp\/v2\/posts\/2418\/revisions"}],"wp:featuredmedia":[{"embeddable":true,"href":"https:\/\/informacionlocal.es\/it\/wp-json\/wp\/v2\/media\/2413"}],"wp:attachment":[{"href":"https:\/\/informacionlocal.es\/it\/wp-json\/wp\/v2\/media?parent=2418"}],"wp:term":[{"taxonomy":"category","embeddable":true,"href":"https:\/\/informacionlocal.es\/it\/wp-json\/wp\/v2\/categories?post=2418"},{"taxonomy":"post_tag","embeddable":true,"href":"https:\/\/informacionlocal.es\/it\/wp-json\/wp\/v2\/tags?post=2418"}],"curies":[{"name":"wp","href":"https:\/\/api.w.org\/{rel}","templated":true}]}}