{"id":2404,"date":"2025-04-22T12:21:14","date_gmt":"2025-04-22T12:21:14","guid":{"rendered":"https:\/\/informacionlocal.es\/inizio-della-campagna-di-vaccinazione-e-identificazione-antirabbica-canina-2025-a-la-oliva\/"},"modified":"2025-04-22T12:21:14","modified_gmt":"2025-04-22T12:21:14","slug":"inizio-della-campagna-di-vaccinazione-e-identificazione-antirabbica-canina-2025-a-la-oliva","status":"publish","type":"post","link":"https:\/\/informacionlocal.es\/it\/inizio-della-campagna-di-vaccinazione-e-identificazione-antirabbica-canina-2025-a-la-oliva\/","title":{"rendered":"Inizio della campagna di vaccinazione e identificazione antirabbica canina 2025 a La Oliva"},"content":{"rendered":"<p>Il Comune di La Oliva, attraverso il Dipartimento di Salute Pubblica, diretto da Christian Rodr\u00edguez, annuncia l&#8217;inizio della Campagna di vaccinazione antirabbica e di identificazione canina 2025. Dal 26 aprile all&#8217;11 maggio si svolger\u00e0 questa iniziativa annuale che permette ai residenti del comune di rispettare le norme sanitarie vigenti, garantendo cos\u00ec la salute dei propri animali domestici attraverso condizioni economiche accessibili.   <\/p>\n<p>L&#8217;obiettivo \u00e8 quello di facilitare l&#8217;accesso a questo servizio nelle diverse localit\u00e0 del comune, in modo che i proprietari possano vaccinare i loro animali domestici senza dover percorrere lunghe distanze. La campagna \u00e8 rivolta esclusivamente ai cani i cui proprietari risiedono a La Oliva e che possono dimostrarlo con la carta d&#8217;identit\u00e0 o il certificato di residenza.   <\/p>\n<p>Tra le procedure che verranno eseguite durante la campagna ci sono la vaccinazione contro la rabbia, l&#8217;impianto di microchip per gli animali che non ne sono ancora in possesso e l&#8217;aggiornamento del censimento canino comunale. Il costo della vaccinazione e dell&#8217;installazione del chip sar\u00e0 di 20 euro, mentre gli animali che hanno gi\u00e0 un microchip dovranno pagare solo 5 euro per la vaccinazione antirabbica.   <\/p>\n<p>Il sindaco di La Oliva, Isa\u00ed Blanco, sottolinea l&#8217;importanza di portare avanti questa iniziativa comunale perch\u00e9: &#8220;\u00e8 responsabilit\u00e0 di tutti i residenti del comune proteggere i nostri animali domestici e garantire cos\u00ec la sicurezza e il benessere dell&#8217;intera comunit\u00e0. Questa misura mira a continuare a promuovere il benessere degli animali nel nostro comune e, di conseguenza, a porre fine a questa malattia virale&#8221;.<\/p>\n<p>L&#8217;assessore alla Salute pubblica, Christian Rodr\u00edguez, ha dichiarato: &#8220;Questa campagna riflette il reale impegno di questo Comune nei confronti del benessere degli animali. Vogliamo rendere pi\u00f9 facile per tutte le famiglie del comune vaccinare e identificare i propri animali domestici, non solo come obbligo di legge, ma anche perch\u00e9 siamo consapevoli che la salute pubblica e il rispetto per gli animali sono una responsabilit\u00e0 condivisa. Per raggiungere questo obiettivo, ci recheremo in ogni centro abitato, in modo da non lasciare nessuno fuori&#8221;.<\/p>\n<p>Il Municipio ricorda che \u00e8 obbligatorio presentare la scheda di registrazione dell&#8217;animale ed evitare di aspettare l&#8217;ultimo giorno utile per presentare il documento, al fine di velocizzare la procedura e facilitare il lavoro dei professionisti del settore. Il calendario completo con date e luoghi \u00e8 disponibile nell&#8217;avviso ufficiale e nei canali di comunicazione del Comune. <\/p>\n","protected":false},"excerpt":{"rendered":"<p><span>Il Concistoro lancia l&#8217;iniziativa dal 26 aprile all&#8217;11 maggio con l&#8217;obiettivo di promuovere la protezione e la sicurezza degli animali domestici nel comune.<\/span><\/p>\n","protected":false},"author":1,"featured_media":2401,"comment_status":"open","ping_status":"open","sticky":false,"template":"","format":"standard","meta":{"inline_featured_image":false,"jnews-multi-image_gallery":[],"jnews_single_post":[],"jnews_primary_category":[],"jnews_social_meta":[],"jnews_override_counter":[],"jnews_post_split":[],"footnotes":""},"categories":[292],"tags":[325],"class_list":["post-2404","post","type-post","status-publish","format-standard","has-post-thumbnail","hentry","category-la-oliva-it","tag-residenza"],"jetpack_featured_media_url":"https:\/\/informacionlocal.es\/wp-content\/uploads\/2025\/04\/5190_43b671f2.png","_links":{"self":[{"href":"https:\/\/informacionlocal.es\/it\/wp-json\/wp\/v2\/posts\/2404","targetHints":{"allow":["GET"]}}],"collection":[{"href":"https:\/\/informacionlocal.es\/it\/wp-json\/wp\/v2\/posts"}],"about":[{"href":"https:\/\/informacionlocal.es\/it\/wp-json\/wp\/v2\/types\/post"}],"author":[{"embeddable":true,"href":"https:\/\/informacionlocal.es\/it\/wp-json\/wp\/v2\/users\/1"}],"replies":[{"embeddable":true,"href":"https:\/\/informacionlocal.es\/it\/wp-json\/wp\/v2\/comments?post=2404"}],"version-history":[{"count":0,"href":"https:\/\/informacionlocal.es\/it\/wp-json\/wp\/v2\/posts\/2404\/revisions"}],"wp:featuredmedia":[{"embeddable":true,"href":"https:\/\/informacionlocal.es\/it\/wp-json\/wp\/v2\/media\/2401"}],"wp:attachment":[{"href":"https:\/\/informacionlocal.es\/it\/wp-json\/wp\/v2\/media?parent=2404"}],"wp:term":[{"taxonomy":"category","embeddable":true,"href":"https:\/\/informacionlocal.es\/it\/wp-json\/wp\/v2\/categories?post=2404"},{"taxonomy":"post_tag","embeddable":true,"href":"https:\/\/informacionlocal.es\/it\/wp-json\/wp\/v2\/tags?post=2404"}],"curies":[{"name":"wp","href":"https:\/\/api.w.org\/{rel}","templated":true}]}}