{"id":2358,"date":"2025-04-21T13:36:18","date_gmt":"2025-04-21T13:36:18","guid":{"rendered":"https:\/\/informacionlocal.es\/la-x-carrera-popular-y-solidaria-trotadunas-illuminera-puerto-del-rosario-con-sport-solidarieta-e-musica-dal-vivo\/"},"modified":"2025-04-21T13:36:18","modified_gmt":"2025-04-21T13:36:18","slug":"la-x-carrera-popular-y-solidaria-trotadunas-illuminera-puerto-del-rosario-con-sport-solidarieta-e-musica-dal-vivo","status":"publish","type":"post","link":"https:\/\/informacionlocal.es\/it\/la-x-carrera-popular-y-solidaria-trotadunas-illuminera-puerto-del-rosario-con-sport-solidarieta-e-musica-dal-vivo\/","title":{"rendered":"La X Carrera Popular y Solidaria Trotadunas illuminer\u00e0 Puerto del Rosario con sport, solidariet\u00e0 e musica dal vivo."},"content":{"rendered":"<div class=\"entry-content\">\n<p><strong>Sabato 26 aprile<\/strong>, la capitale dell&#8217;isola ospiter\u00e0 uno degli eventi pi\u00f9 attesi: la <strong>X Carrera Popular y Solidaria Trotadunas<\/strong>, organizzata dal <strong>Club Sportivo Trotadunas<\/strong>, con la collaborazione del <strong>Municipio di Puerto del Rosario.<\/strong> Questa edizione si svolger\u00e0 <strong>in notturna<\/strong>, aggiungendo un&#8217;attrattiva speciale a una gara che, oltre al suo valore sportivo, ha un profondo impegno sociale. <\/p>\n<p>In questa occasione, l&#8217;obiettivo solidale della gara sar\u00e0 quello di sostenere l&#8217;<strong>Associazione Amadi<\/strong>, che lavora attivamente nella lotta contro il <strong>diabete a Fuerteventura<\/strong>, offrendo sostegno e risorse alle persone affette da questa malattia sull&#8217;isola.<\/p>\n<p>La gara inizier\u00e0 alle ore <strong>20:00<\/strong>, con la partenza dei partecipanti alla gara di <strong>10 chilometri<\/strong>, seguiti dai corridori della distanza di <strong>5 chilometri<\/strong>. Entrambi i percorsi inizieranno e termineranno nella <strong>strada pedonale di Los Pozos<\/strong>, nel cuore di Puerto del Rosario. <\/p>\n<p>Il circuito di <strong>5 km<\/strong> si snoda sul <strong>lungomare fino all&#8217;antico Parador de Playa Blanca<\/strong>, per poi tornare al punto di partenza. I partecipanti alla <strong>10 km<\/strong> completeranno <strong>due giri<\/strong> dello stesso percorso. Si tratta di un percorso misto, che combina tratti asfaltati e sterrati, e che si distingue per le sue <strong>impressionanti viste sulla baia di Puerto del Rosario<\/strong>. \u00c8 stato inoltre progettato con cura per <strong>ridurre al minimo l&#8217;impatto sul traffico urbano<\/strong>, evitando inutili deviazioni e riducendo i disagi per il pubblico. Il percorso prevede <strong>due punti di ristoro<\/strong> per il benessere dei corridori.    <\/p>\n<p>Dopo la cerimonia di premiazione, la notte continuer\u00e0 con una grande festa all&#8217;aperto con <strong>musica dal vivo<\/strong> di due noti gruppi della scena musicale Majorero: <strong>Ochenteros<\/strong> e <strong>Laly Lean<\/strong>, che aggiungeranno ritmo e allegria a una giornata che unir\u00e0 sport, solidariet\u00e0, cultura e convivenza civile per chiudere una notte indimenticabile nella memoria di Puerto del Rosario.<\/p>\n<p>Il sindaco di Puerto del Rosario, <strong>David de Vera<\/strong>, ha sottolineato che <em>&#8220;eventi come la Corsa delle Trotadunas rappresentano lo spirito della nostra citt\u00e0: attivo, solidale, impegnato nella salute e nel benessere dei suoi abitanti. Siamo orgogliosi di collaborare a un evento che va oltre lo sport e diventa uno strumento di sensibilizzazione sociale e di dinamizzazione culturale&#8221;.<\/em><\/p>\n<p>L&#8217;assessore allo Sport, <strong>Erica Gonz\u00e1lez<\/strong>, ha sottolineato che <em>&#8220;questa corsa \u00e8 un chiaro esempio di come lo sport possa diventare una forza trainante per la trasformazione sociale. Incoraggiamo tutti i cittadini a partecipare a questa celebrazione dello sforzo, della salute e della solidariet\u00e0, partecipando o sostenendo i corridori dalla strada&#8221;.<\/em><\/p>\n<p>Da parte sua, l&#8217;Assessore alla Cultura, <strong>Juan Manuel Verdugo<\/strong>, ha sottolineato che <em>&#8220;la cultura sar\u00e0 presente anche come tocco finale di una notte magica, con musica dal vivo che metter\u00e0 in risalto i talenti locali e rafforzer\u00e0 la natura festosa di questo evento tanto atteso&#8221;.<\/em><\/p>\n<p><strong>Le iscrizioni online<\/strong> resteranno aperte <strong>fino a domani, marted\u00ec 22 aprile, alle 21:00.<\/strong> Successivamente, coloro che desiderano partecipare potranno iscriversi <strong>di persona gioved\u00ec 24 e venerd\u00ec 25<\/strong>, dalle <strong>17:00 alle 21:00<\/strong>, presso il <strong>Centro Comercial Las Rotondas<\/strong>. <\/p>\n<p>Il Municipio di Puerto del Rosario invita residenti e visitatori a partecipare, sostenere e godere di una serata piena di energia positiva, a beneficio di una nobile causa.<\/p>\n<p><strong>Partecipate, correte, collaborate e festeggiate una notte speciale a Puerto del Rosario!<\/strong><\/p>\n<\/div>\n","protected":false},"excerpt":{"rendered":"<p>Sabato 26 aprile, la capitale dell&#8217;isola ospiter\u00e0 uno degli eventi pi\u00f9 attesi: la X Carrera Popular y Solidaria Trotadunas, organizzata dal Club Sportivo Trotadunas, con la collaborazione del Municipio di [&hellip;]<\/p>\n","protected":false},"author":1,"featured_media":2353,"comment_status":"open","ping_status":"open","sticky":false,"template":"","format":"standard","meta":{"inline_featured_image":false,"jnews-multi-image_gallery":[],"jnews_single_post":[],"jnews_primary_category":[],"jnews_social_meta":[],"jnews_override_counter":[],"jnews_post_split":[],"footnotes":""},"categories":[295],"tags":[308,223],"class_list":["post-2358","post","type-post","status-publish","format-standard","has-post-thumbnail","hentry","category-puerto-del-rosario-it","tag-eventos-it","tag-fuerteventura-it"],"jetpack_featured_media_url":"https:\/\/informacionlocal.es\/wp-content\/uploads\/2025\/04\/trotadunas-titu-grupo-con-carteles.jpg","_links":{"self":[{"href":"https:\/\/informacionlocal.es\/it\/wp-json\/wp\/v2\/posts\/2358","targetHints":{"allow":["GET"]}}],"collection":[{"href":"https:\/\/informacionlocal.es\/it\/wp-json\/wp\/v2\/posts"}],"about":[{"href":"https:\/\/informacionlocal.es\/it\/wp-json\/wp\/v2\/types\/post"}],"author":[{"embeddable":true,"href":"https:\/\/informacionlocal.es\/it\/wp-json\/wp\/v2\/users\/1"}],"replies":[{"embeddable":true,"href":"https:\/\/informacionlocal.es\/it\/wp-json\/wp\/v2\/comments?post=2358"}],"version-history":[{"count":0,"href":"https:\/\/informacionlocal.es\/it\/wp-json\/wp\/v2\/posts\/2358\/revisions"}],"wp:featuredmedia":[{"embeddable":true,"href":"https:\/\/informacionlocal.es\/it\/wp-json\/wp\/v2\/media\/2353"}],"wp:attachment":[{"href":"https:\/\/informacionlocal.es\/it\/wp-json\/wp\/v2\/media?parent=2358"}],"wp:term":[{"taxonomy":"category","embeddable":true,"href":"https:\/\/informacionlocal.es\/it\/wp-json\/wp\/v2\/categories?post=2358"},{"taxonomy":"post_tag","embeddable":true,"href":"https:\/\/informacionlocal.es\/it\/wp-json\/wp\/v2\/tags?post=2358"}],"curies":[{"name":"wp","href":"https:\/\/api.w.org\/{rel}","templated":true}]}}