{"id":2344,"date":"2025-04-21T13:29:05","date_gmt":"2025-04-21T13:29:05","guid":{"rendered":"https:\/\/informacionlocal.es\/la-nuova-sede-del-mercato-delle-pulci-di-costa-calma-inizia-con-successo\/"},"modified":"2025-04-21T13:29:05","modified_gmt":"2025-04-21T13:29:05","slug":"la-nuova-sede-del-mercato-delle-pulci-di-costa-calma-inizia-con-successo","status":"publish","type":"post","link":"https:\/\/informacionlocal.es\/it\/la-nuova-sede-del-mercato-delle-pulci-di-costa-calma-inizia-con-successo\/","title":{"rendered":"La nuova sede del mercato delle pulci di Costa Calma inizia con successo"},"content":{"rendered":"<div class=\"entry-content\">\n<p><b><i>Il Comune incoraggia i cittadini a visitare il mercato ambulante e a sostenere le imprese locali ogni mercoled\u00ec e domenica.<\/i><\/b><\/p>\n<p><span>L&#8217;Assessorato al Commercio del Comune di P\u00e1jara sottolinea l&#8217;accoglienza favorevole della nuova sede del mercato ambulante di Costa Calma, spostata questa settimana sul lungomare di El Palmeral, dopo i buoni dati di partecipazione registrati.  <\/span><\/p>\n<p><span>L&#8217;assessore al Commercio, Juan Jos\u00e9 Viera, sottolinea che questo cambiamento \u00e8 stato adottato per migliorare l&#8217;immagine del mercato e per offrire un ambiente pi\u00f9 attraente e funzionale. &#8220;Questo nuovo spazio ci permette di migliorare le condizioni generali del mercato, con zone d&#8217;ombra, maggiore pulizia e una migliore distribuzione delle bancarelle&#8221;, afferma Viera, che sottolinea anche che si tratta di &#8220;un passo importante per garantire un&#8217;esperienza pi\u00f9 confortevole e ben organizzata&#8221;.   <\/span><\/p>\n<p><span>Da parte sua, il sindaco di P\u00e1jara, Alejandro Jorge, indica che questo trasferimento fa parte di una strategia pi\u00f9 ampia, volta a migliorare gli spazi pubblici per il commercio, con l&#8217;obiettivo di &#8220;incrementare l&#8217;attivit\u00e0 economica del comune e offrire ambienti pi\u00f9 funzionali e attraenti per residenti e turisti&#8221;.  <\/span><\/p>\n<p><span>Questa nuova location \u00e8 un luogo ideale per ospitare questo tipo di attivit\u00e0 all&#8217;aria aperta, facilitando l&#8217;acquisto di prodotti locali, artigianato e una variegata offerta commerciale.<\/span><\/p>\n<p><span>Il Comune di P\u00e1jara invita tutti i cittadini a visitare il mercato ambulante nella sua nuova sede, ogni mercoled\u00ec e domenica, e a continuare a sostenere il commercio locale.  <\/span><\/p>\n<div>Condividi<\/div>\n<\/div>\n","protected":false},"excerpt":{"rendered":"<p><i>Il Comune incoraggia i cittadini a visitare il mercato ambulante e a sostenere le imprese locali ogni mercoled\u00ec e domenica.<\/i><\/p>\n","protected":false},"author":1,"featured_media":2341,"comment_status":"open","ping_status":"open","sticky":false,"template":"","format":"standard","meta":{"inline_featured_image":false,"jnews-multi-image_gallery":[],"jnews_single_post":[],"jnews_primary_category":[],"jnews_social_meta":[],"jnews_override_counter":[],"jnews_post_split":[],"footnotes":""},"categories":[298],"tags":[],"class_list":["post-2344","post","type-post","status-publish","format-standard","has-post-thumbnail","hentry","category-pajara-it"],"jetpack_featured_media_url":"https:\/\/informacionlocal.es\/wp-content\/uploads\/2025\/04\/mercadillo-costa-calma.png","_links":{"self":[{"href":"https:\/\/informacionlocal.es\/it\/wp-json\/wp\/v2\/posts\/2344","targetHints":{"allow":["GET"]}}],"collection":[{"href":"https:\/\/informacionlocal.es\/it\/wp-json\/wp\/v2\/posts"}],"about":[{"href":"https:\/\/informacionlocal.es\/it\/wp-json\/wp\/v2\/types\/post"}],"author":[{"embeddable":true,"href":"https:\/\/informacionlocal.es\/it\/wp-json\/wp\/v2\/users\/1"}],"replies":[{"embeddable":true,"href":"https:\/\/informacionlocal.es\/it\/wp-json\/wp\/v2\/comments?post=2344"}],"version-history":[{"count":0,"href":"https:\/\/informacionlocal.es\/it\/wp-json\/wp\/v2\/posts\/2344\/revisions"}],"wp:featuredmedia":[{"embeddable":true,"href":"https:\/\/informacionlocal.es\/it\/wp-json\/wp\/v2\/media\/2341"}],"wp:attachment":[{"href":"https:\/\/informacionlocal.es\/it\/wp-json\/wp\/v2\/media?parent=2344"}],"wp:term":[{"taxonomy":"category","embeddable":true,"href":"https:\/\/informacionlocal.es\/it\/wp-json\/wp\/v2\/categories?post=2344"},{"taxonomy":"post_tag","embeddable":true,"href":"https:\/\/informacionlocal.es\/it\/wp-json\/wp\/v2\/tags?post=2344"}],"curies":[{"name":"wp","href":"https:\/\/api.w.org\/{rel}","templated":true}]}}