{"id":2333,"date":"2025-04-21T12:33:03","date_gmt":"2025-04-21T12:33:03","guid":{"rendered":"https:\/\/informacionlocal.es\/a-tutta-velocita-con-il-copilota-jonathan-hernandez-al-rally-islas-canarias\/"},"modified":"2025-04-21T12:33:03","modified_gmt":"2025-04-21T12:33:03","slug":"a-tutta-velocita-con-il-copilota-jonathan-hernandez-al-rally-islas-canarias","status":"publish","type":"post","link":"https:\/\/informacionlocal.es\/it\/a-tutta-velocita-con-il-copilota-jonathan-hernandez-al-rally-islas-canarias\/","title":{"rendered":"A tutta velocit\u00e0 con il copilota Jonathan Hern\u00e1ndez al Rally Islas Canarias"},"content":{"rendered":"<div class=\"elementor-widget-container\">\n<p><strong>A tutta velocit\u00e0 con il copilota Jonathan Hern\u00e1ndez al Rally Islas Canarias<\/strong><\/p>\n<p><strong>&#8211; Il pi\u00f9 giovane copilota del Rally de Canarias \u00e8 di Antigua e si chiama Jonathan Hern\u00e1ndez.  <\/strong><br \/><strong>&#8211; L&#8217;unico majorero presente al Rally de Canarias far\u00e0 coppia con l&#8217;ex campione spagnolo Juan Carlos Quintana.  <\/strong><br \/><strong>&#8211; I risultati del Rally Islas Canarias sono i primi del Campionato del Mondo Rally.<\/strong><\/p>\n<p>Il 49\u00b0 Rally Islas Canarias &#8211; Rally di Spagna, che si svolge questa settimana dal 24 al 27 aprile, si distingue per essere parte del WRC, Campionato del Mondo Rally per la prima volta, e per il Comune di Antigua, si distingue perch\u00e9 in questa edizione conta con la partecipazione del nostro giovane copilota Jonathan Hern\u00e1ndez, di cui abbiamo seguito la carriera da quando ha iniziato con suo padre, anche lui campione delle Isole Canarie, An\u00edbal, dice il sindaco, Mat\u00edas Pe\u00f1a Garc\u00eda.<\/p>\n<p>La concentrazione e la precisione nei calcoli di questo copilota sono una garanzia per ottenere il miglior tempo in una gara automobilistica, dice il sindaco, e non si pu\u00f2 chiedere di pi\u00f9 a una persona che dare il meglio di s\u00e9, come Jonathan Hern\u00e1ndez dimostra sempre.<\/p>\n<p>Jonathan Hern\u00e1ndez sar\u00e0 il pi\u00f9 giovane copilota iscritto a questo evento principale 2025 di corse automobilistiche nelle Isole Canarie, l&#8217;unico rappresentante di Maiorca, precisa l&#8217;Assessore allo Sport, Samuel Torres, e correr\u00e0 formando una squadra con il noto pilota Juan Carlos Quintana, con il quale ha gi\u00e0 formato una squadra nel Campionato spagnolo.<\/p>\n<p>Il sindaco e l&#8217;assessore si congratulano per il successo della carriera del giovane copilota Jonathan Hernandez ed esprimono l&#8217;augurio di tutta la Corporazione Municipale di Antigua che possa raggiungere i migliori risultati.<\/p>\n<p>La squadra formata da Jonathan e Juan Carlos correr\u00e0 con una Citro\u00ebn C3 Rally2 del team Sport&amp;You Canarias, partecipando al campionato WRC2, la seconda divisione del Campionato del Mondo Rally.<\/p>\n<\/div>\n","protected":false},"excerpt":{"rendered":"<p><strong>A tutta velocit\u00e0 con il copilota Jonathan Hern\u00e1ndez al Rally Islas Canarias<\/strong><\/p>\n","protected":false},"author":1,"featured_media":2326,"comment_status":"open","ping_status":"open","sticky":false,"template":"","format":"standard","meta":{"inline_featured_image":false,"jnews-multi-image_gallery":[],"jnews_single_post":[],"jnews_primary_category":[],"jnews_social_meta":[],"jnews_override_counter":[],"jnews_post_split":[],"footnotes":""},"categories":[282],"tags":[],"class_list":["post-2333","post","type-post","status-publish","format-standard","has-post-thumbnail","hentry","category-antigua-it"],"jetpack_featured_media_url":"https:\/\/informacionlocal.es\/wp-content\/uploads\/2025\/04\/img_20230826_165044.jpg","_links":{"self":[{"href":"https:\/\/informacionlocal.es\/it\/wp-json\/wp\/v2\/posts\/2333","targetHints":{"allow":["GET"]}}],"collection":[{"href":"https:\/\/informacionlocal.es\/it\/wp-json\/wp\/v2\/posts"}],"about":[{"href":"https:\/\/informacionlocal.es\/it\/wp-json\/wp\/v2\/types\/post"}],"author":[{"embeddable":true,"href":"https:\/\/informacionlocal.es\/it\/wp-json\/wp\/v2\/users\/1"}],"replies":[{"embeddable":true,"href":"https:\/\/informacionlocal.es\/it\/wp-json\/wp\/v2\/comments?post=2333"}],"version-history":[{"count":0,"href":"https:\/\/informacionlocal.es\/it\/wp-json\/wp\/v2\/posts\/2333\/revisions"}],"wp:featuredmedia":[{"embeddable":true,"href":"https:\/\/informacionlocal.es\/it\/wp-json\/wp\/v2\/media\/2326"}],"wp:attachment":[{"href":"https:\/\/informacionlocal.es\/it\/wp-json\/wp\/v2\/media?parent=2333"}],"wp:term":[{"taxonomy":"category","embeddable":true,"href":"https:\/\/informacionlocal.es\/it\/wp-json\/wp\/v2\/categories?post=2333"},{"taxonomy":"post_tag","embeddable":true,"href":"https:\/\/informacionlocal.es\/it\/wp-json\/wp\/v2\/tags?post=2333"}],"curies":[{"name":"wp","href":"https:\/\/api.w.org\/{rel}","templated":true}]}}