{"id":2297,"date":"2025-04-19T11:01:39","date_gmt":"2025-04-19T11:01:39","guid":{"rendered":"https:\/\/informacionlocal.es\/il-premio-island-crafts-di-questanno-va-allartigiana-della-ceramica-bianca-scarpari\/"},"modified":"2025-04-19T11:01:39","modified_gmt":"2025-04-19T11:01:39","slug":"il-premio-island-crafts-di-questanno-va-allartigiana-della-ceramica-bianca-scarpari","status":"publish","type":"post","link":"https:\/\/informacionlocal.es\/it\/il-premio-island-crafts-di-questanno-va-allartigiana-della-ceramica-bianca-scarpari\/","title":{"rendered":"Il premio Island Crafts di quest&#8217;anno va all&#8217;artigiana della ceramica Bianca Scarpari."},"content":{"rendered":"<div class=\"elementor-widget-container\">\n<p><strong>Il premio Island Crafts di quest&#8217;anno va all&#8217;artigiana della ceramica Bianca Scarpari.<\/strong><\/p>\n<p><strong>&#8211; La Fiera dell&#8217;Artigianato dell&#8217;Isola di Fuerteventura 2025, che si terr\u00e0 nel centro di Antigua, nelle piazze e nelle strade, inizia il prossimo gioved\u00ec 1 fino a domenica 4 maggio.<\/strong><\/p>\n<p>Il premio pi\u00f9 illustre assegnato dalla Fiera dell&#8217;Artigianato Insulare sar\u00e0 conferito quest&#8217;anno all&#8217;artigiana della ceramica Bianca Scarpari, eletta Premio dell&#8217;Artigianato Insulare 2025, la cui onorificenza sar\u00e0 ricevuta dal sindaco di Antigua, Mat\u00edas Pe\u00f1a, e dalla presidente della Fondazione Collettivo Mafasca, Nereida Brito, durante la celebrazione della trentaseiesima edizione.<\/p>\n<p>Antigua, la sua piazza e le sue strade principali, ospiteranno ancora una volta il pi\u00f9 importante evento di artigianato di Fuerteventura, e in questa occasione sar\u00e0 un onore consegnare il Premio Isola dell&#8217;Artigianato a Bianca Scarpari, la cui umilt\u00e0 e semplicit\u00e0 personale contrasta con la nitidezza dei suoi punti e dei suoi disegni audaci&#8221;, afferma il sindaco, Mat\u00edas Pe\u00f1a.<\/p>\n<p>L&#8217;artigiana di origine veneziana, Bianca Scarpari, ha scelto Fuerteventura vent&#8217;anni fa come casa e fonte di ispirazione per i disegni creati unendo pezzi di tessuto nel tradizionale mestiere della tessitura.<\/p>\n<p>Da quando ha stabilito il suo soggiorno a Fuerteventura non ha mancato l&#8217;appuntamento come artigiana alla Fiera dell&#8217;Artigianato Insulare proponendo disegni originali di copriletti, arazzi, coperte, tovaglie tessuti con almazuelas e dando come risultato un lavoro di qualit\u00e0, colorato ed elegante.<\/p>\n<p>La 36\u00aa Fiera dell&#8217;Artigianato dell&#8217;Isola di Fuerteventura 2025 si terr\u00e0 da gioved\u00ec 1 a domenica 4 maggio e riunir\u00e0 circa 200 artigiani delle Isole Canarie, tutti artigiani e artigiane, che presenteranno i loro migliori e pi\u00f9 eccellenti lavori in cuoio, argilla, ricamati con filo, seta o lana, intagliati nel legno o disegnati in vetro o argento.<\/p>\n<\/p>\n<\/div>\n","protected":false},"excerpt":{"rendered":"<p><strong>Il premio Island Crafts di quest&#8217;anno va all&#8217;artigiana della ceramica Bianca Scarpari.<\/strong><\/p>\n","protected":false},"author":1,"featured_media":2293,"comment_status":"open","ping_status":"open","sticky":false,"template":"","format":"standard","meta":{"inline_featured_image":false,"jnews-multi-image_gallery":[],"jnews_single_post":[],"jnews_primary_category":[],"jnews_social_meta":[],"jnews_override_counter":[],"jnews_post_split":[],"footnotes":""},"categories":[282],"tags":[223],"class_list":["post-2297","post","type-post","status-publish","format-standard","has-post-thumbnail","hentry","category-antigua-it","tag-fuerteventura-it"],"jetpack_featured_media_url":"https:\/\/informacionlocal.es\/wp-content\/uploads\/2025\/04\/artesana-bianca-scarpari.jpg","_links":{"self":[{"href":"https:\/\/informacionlocal.es\/it\/wp-json\/wp\/v2\/posts\/2297","targetHints":{"allow":["GET"]}}],"collection":[{"href":"https:\/\/informacionlocal.es\/it\/wp-json\/wp\/v2\/posts"}],"about":[{"href":"https:\/\/informacionlocal.es\/it\/wp-json\/wp\/v2\/types\/post"}],"author":[{"embeddable":true,"href":"https:\/\/informacionlocal.es\/it\/wp-json\/wp\/v2\/users\/1"}],"replies":[{"embeddable":true,"href":"https:\/\/informacionlocal.es\/it\/wp-json\/wp\/v2\/comments?post=2297"}],"version-history":[{"count":0,"href":"https:\/\/informacionlocal.es\/it\/wp-json\/wp\/v2\/posts\/2297\/revisions"}],"wp:featuredmedia":[{"embeddable":true,"href":"https:\/\/informacionlocal.es\/it\/wp-json\/wp\/v2\/media\/2293"}],"wp:attachment":[{"href":"https:\/\/informacionlocal.es\/it\/wp-json\/wp\/v2\/media?parent=2297"}],"wp:term":[{"taxonomy":"category","embeddable":true,"href":"https:\/\/informacionlocal.es\/it\/wp-json\/wp\/v2\/categories?post=2297"},{"taxonomy":"post_tag","embeddable":true,"href":"https:\/\/informacionlocal.es\/it\/wp-json\/wp\/v2\/tags?post=2297"}],"curies":[{"name":"wp","href":"https:\/\/api.w.org\/{rel}","templated":true}]}}