{"id":2266,"date":"2025-04-16T14:02:58","date_gmt":"2025-04-16T14:02:58","guid":{"rendered":"https:\/\/informacionlocal.es\/brumas-cabras-la-isla-la-nuova-mostra-di-alfonso-s-pachilin-nella-casa-de-la-cultura-di-puerto-del-rosario\/"},"modified":"2025-04-16T14:02:58","modified_gmt":"2025-04-16T14:02:58","slug":"brumas-cabras-la-isla-la-nuova-mostra-di-alfonso-s-pachilin-nella-casa-de-la-cultura-di-puerto-del-rosario","status":"publish","type":"post","link":"https:\/\/informacionlocal.es\/it\/brumas-cabras-la-isla-la-nuova-mostra-di-alfonso-s-pachilin-nella-casa-de-la-cultura-di-puerto-del-rosario\/","title":{"rendered":"Brumas, Cabras, la Isla, la nuova mostra di Alfonso S. Pachil\u00edn nella Casa de la Cultura di Puerto del Rosario."},"content":{"rendered":"<div class=\"entry-content\">\n<p>Marted\u00ec pomeriggio, 15 aprile, \u00e8 stata inaugurata nella Casa della Cultura di Puerto del Rosario la mostra &#8220;Brumas, Cabras, la Isla&#8221;, dell&#8217;artista Alfonso S. Pachil\u00edn.<\/p>\n<p>La mostra rimarr\u00e0 aperta al pubblico fino al 13 maggio. Con uno stile vibrante, libero e profondamente emotivo, Pachil\u00edn presenta una collezione che evoca l&#8217;anima di Fuerteventura attraverso la magica fusione di nebbia, foschia e capre, icone eterne dell&#8217;isola. Le opere, elaborate con la tecnica dell&#8217;acquerello, nascono da una profonda contemplazione del paesaggio di Fuerteventura e trasmettono stati di calma, presenza e connessione interiore.  <\/p>\n<p>La mostra ci invita a entrare in una Fuerteventura diversa: quella del sud dell&#8217;isola, avvolta da nuvole basse e attraversata da capre d&#8217;India che sembrano emergere da una fantasticheria onirica. I dipinti di Pachil\u00edn, molti dei quali con un&#8217;estetica di magico surrealismo, riflettono non solo l&#8217;essenza del paesaggio, ma anche un viaggio emotivo che si connette con la serenit\u00e0 e l&#8217;introspezione dello spettatore. L&#8217;arte di Pachil\u00edn ci permette di guardare Fuerteventura da un&#8217;altra angolazione, pi\u00f9 intima e spirituale.  <\/p>\n<p>Questa mostra \u00e8 una celebrazione della nostra identit\u00e0, dei nostri paesaggi e delle emozioni che suscitano.<\/p>\n<p>Il <strong>sindaco, David de Vera,<\/strong> ha dichiarato che &#8220;continuiamo a sostenere il mondo della cultura, in tutti i suoi aspetti, affinch\u00e9 gli artisti e il pubblico di tutte le et\u00e0 possano mostrare la loro arte e partecipare alla vita culturale del comune&#8221;.<\/p>\n<p>Da parte del Dipartimento di Cultura, &#8220;invitiamo tutti i residenti, e gli amanti dell&#8217;arte in generale, a godere di questa esperienza visiva che ci riconnette con l&#8217;essenziale&#8221;, ha dichiarato <strong>Juan Manuel Verdugo, Assessore alla Cultura del Comune della capitale. <\/strong> <\/p>\n<p>L&#8217;artista, che ha recentemente esposto con il collettivo AnimArte nell&#8217;ambito del progetto espositivo PERIPLO, continua a consolidare la sua carriera sia all&#8217;interno che all&#8217;esterno dell&#8217;arcipelago. I suoi acquerelli hanno rappresentato le Isole Canarie in eventi internazionali come la Triennale dell&#8217;acquerello di Santa Marta (Colombia) e l&#8217;incontro &#8220;Fabriano in acquarello&#8221; tenutosi in Italia e negli Stati Uniti. Attraverso la trasparenza, il colore e la poesia visiva, Pachil\u00edn offre uno sguardo unico sull&#8217;isola che abita da oltre due decenni.  <\/p>\n<p>Ecco le sue parole: &#8220;Ogni capra che compare nelle mie opere simboleggia l&#8217;autonomia personale e la forza intima che tutti portiamo dentro di noi. Questa mostra \u00e8 un invito a contemplare, a respirare&#8230; e a sentire&#8221;.<\/p>\n<p>Il Municipio di Puerto del Rosario, a nome dell&#8217;artista stesso, invita il pubblico a non perdere questa mostra che ci ricorda, attraverso l&#8217;arte, la bellezza silenziosa della nostra terra Majorero. L&#8217;evento inaugurale \u00e8 stato un&#8217;occasione per condividere con l&#8217;autore il suo processo creativo e per lasciarsi avvolgere dalle nebbie dell&#8217;acquerello. <\/p>\n<p>La mostra sar\u00e0 aperta al pubblico dal 15 aprile al 13 maggio, dal luned\u00ec al venerd\u00ec, dalle 10.00 alle 13.00 e dalle 17.00 alle 20.00, permettendo a residenti e visitatori di godere di una proposta visiva che invita a riflettere sull&#8217;identit\u00e0, sulla mescolanza culturale e sul viaggio come esperienza trasformativa.<\/p>\n<\/div>\n","protected":false},"excerpt":{"rendered":"<p>Marted\u00ec pomeriggio, 15 aprile, \u00e8 stata inaugurata nella Casa della Cultura di Puerto del Rosario la mostra &#8220;Brumas, Cabras, la Isla&#8221;, dell&#8217;artista Alfonso S. Pachil\u00edn. La mostra rimarr\u00e0 aperta al [&hellip;]<\/p>\n","protected":false},"author":1,"featured_media":2170,"comment_status":"open","ping_status":"open","sticky":false,"template":"","format":"standard","meta":{"inline_featured_image":false,"jnews-multi-image_gallery":[],"jnews_single_post":[],"jnews_primary_category":[],"jnews_social_meta":[],"jnews_override_counter":[],"jnews_post_split":[],"footnotes":""},"categories":[295],"tags":[223],"class_list":["post-2266","post","type-post","status-publish","format-standard","has-post-thumbnail","hentry","category-puerto-del-rosario-it","tag-fuerteventura-it"],"jetpack_featured_media_url":"https:\/\/informacionlocal.es\/wp-content\/uploads\/2025\/04\/expo-titu-pachiin-0425-publico-esquina.jpg","_links":{"self":[{"href":"https:\/\/informacionlocal.es\/it\/wp-json\/wp\/v2\/posts\/2266","targetHints":{"allow":["GET"]}}],"collection":[{"href":"https:\/\/informacionlocal.es\/it\/wp-json\/wp\/v2\/posts"}],"about":[{"href":"https:\/\/informacionlocal.es\/it\/wp-json\/wp\/v2\/types\/post"}],"author":[{"embeddable":true,"href":"https:\/\/informacionlocal.es\/it\/wp-json\/wp\/v2\/users\/1"}],"replies":[{"embeddable":true,"href":"https:\/\/informacionlocal.es\/it\/wp-json\/wp\/v2\/comments?post=2266"}],"version-history":[{"count":0,"href":"https:\/\/informacionlocal.es\/it\/wp-json\/wp\/v2\/posts\/2266\/revisions"}],"wp:featuredmedia":[{"embeddable":true,"href":"https:\/\/informacionlocal.es\/it\/wp-json\/wp\/v2\/media\/2170"}],"wp:attachment":[{"href":"https:\/\/informacionlocal.es\/it\/wp-json\/wp\/v2\/media?parent=2266"}],"wp:term":[{"taxonomy":"category","embeddable":true,"href":"https:\/\/informacionlocal.es\/it\/wp-json\/wp\/v2\/categories?post=2266"},{"taxonomy":"post_tag","embeddable":true,"href":"https:\/\/informacionlocal.es\/it\/wp-json\/wp\/v2\/tags?post=2266"}],"curies":[{"name":"wp","href":"https:\/\/api.w.org\/{rel}","templated":true}]}}