{"id":2261,"date":"2025-04-17T15:03:47","date_gmt":"2025-04-17T15:03:47","guid":{"rendered":"https:\/\/informacionlocal.es\/sport-musica-e-tradizione-sono-al-centro-del-programma-dei-festeggiamenti-in-onore-di-nostra-signora-dellimmacolata-concezione-a-la-lajita\/"},"modified":"2025-04-18T09:32:10","modified_gmt":"2025-04-18T09:32:10","slug":"sport-musica-e-tradizione-sono-al-centro-del-programma-dei-festeggiamenti-in-onore-di-nostra-signora-dellimmacolata-concezione-a-la-lajita","status":"publish","type":"post","link":"https:\/\/informacionlocal.es\/it\/sport-musica-e-tradizione-sono-al-centro-del-programma-dei-festeggiamenti-in-onore-di-nostra-signora-dellimmacolata-concezione-a-la-lajita\/","title":{"rendered":"Sport, musica e tradizione sono al centro del programma dei festeggiamenti in onore di Nostra Signora dell&#8217;Immacolata Concezione a La Lajita."},"content":{"rendered":"<div class=\"entry-content\">\n<p><b><i>Il Comune sta organizzando diversi eventi che si svolgeranno da luned\u00ec 21 aprile al 27 aprile.<\/i><\/b><\/p>\n<p><span>Il Municipio di P\u00e1jara, attraverso l&#8217;Assessorato alle Feste, presenta il programma di eventi per i festeggiamenti in onore di Nostra Signora dell&#8217;Immacolata Concezione a La Lajita, che si terranno da luned\u00ec 21 aprile fino al 27 aprile, con un programma ricco di tradizione, sport, cultura e attivit\u00e0 per tutta la famiglia.  <\/span><\/p>\n<p><span>L&#8217;Assessore alle Feste, Juan Jos\u00e9 Viera, invita i cittadini a godere di questa festa, pensata per tutte le et\u00e0. &#8220;Durante questi giorni, il villaggio ospiter\u00e0 tornei di calcio per bambini e adulti, giochi tradizionali del Cabildo di Fuerteventura, cos\u00ec come esibizioni di diverse forme di lotta, tra le altre attivit\u00e0&#8221;, afferma.   <\/span><\/p>\n<p><span>Juan Jos\u00e9 Viera ha inoltre ringraziato la Commissione Festeggiamenti, i tecnici e il personale comunale che hanno lavorato per la realizzazione di questo programma.  <\/span><\/p>\n<p><span>Il programma prevede anche una Escala en Hifi per bambini e adulti, varie esibizioni di danza di compagnie del comune, un gal\u00e0 per bambini e diversi spettacoli per tutti i tipi di pubblico. Inoltre, durante tutta la settimana ci saranno attrazioni per il divertimento di grandi e piccini.   <\/span><\/p>\n<p><span>Uno dei momenti pi\u00f9 attesi sar\u00e0 venerd\u00ec 25 aprile, dalle ore 20:00, con il II Encuentro de Cuerdas, che vedr\u00e0 l&#8217;esibizione dei gruppi El Callao, l&#8217;Agrupaci\u00f3n Folcl\u00f3rica San Antonio Abad La Florida e La Seren\u00e1.  <\/span><\/p>\n<p><span>Sabato 26 aprile, a partire dalle 14:00, si terr\u00e0 il Bir\u00f3n Fest, un evento di festa rivolto soprattutto ai giovani, con musica e un&#8217;atmosfera pensata per il divertimento di tutti.  <\/span><\/p>\n<p><span>Come tocco finale, domenica 27 aprile si terr\u00e0 una funzione religiosa e una processione in onore del Santo Patrono, accompagnata dalla Banda Municipale di P\u00e1jara, seguita da una festa per gli anziani.<\/span><\/p>\n<p><img loading=\"lazy\" decoding=\"async\" loading=\"lazy\" class=\"alignnone size-medium wp-image-20057\" src=\"https:\/\/informacionlocal.es\/wp-content\/uploads\/2025\/04\/cartel-la-lajita-abril-212x300-1.jpg\" width=\"212\" height=\"300\" title=\"cartel-la-lajita-abril-212x300-1\"><\/p>\n<div>Condividi<\/div>\n<\/div>\n","protected":false},"excerpt":{"rendered":"<p><i>Il Comune sta organizzando diversi eventi che si svolgeranno da luned\u00ec 21 aprile fino al 27 aprile.<\/i><\/p>\n","protected":false},"author":1,"featured_media":2244,"comment_status":"open","ping_status":"open","sticky":false,"template":"","format":"standard","meta":{"inline_featured_image":false,"jnews-multi-image_gallery":[],"jnews_single_post":[],"jnews_primary_category":[],"jnews_social_meta":[],"jnews_override_counter":[],"jnews_post_split":[],"footnotes":""},"categories":[298],"tags":[223],"class_list":["post-2261","post","type-post","status-publish","format-standard","has-post-thumbnail","hentry","category-pajara-it","tag-fuerteventura-it"],"jetpack_featured_media_url":"https:\/\/informacionlocal.es\/wp-content\/uploads\/2025\/04\/cartel-la-lajita-abril-scaled-1.jpg","_links":{"self":[{"href":"https:\/\/informacionlocal.es\/it\/wp-json\/wp\/v2\/posts\/2261","targetHints":{"allow":["GET"]}}],"collection":[{"href":"https:\/\/informacionlocal.es\/it\/wp-json\/wp\/v2\/posts"}],"about":[{"href":"https:\/\/informacionlocal.es\/it\/wp-json\/wp\/v2\/types\/post"}],"author":[{"embeddable":true,"href":"https:\/\/informacionlocal.es\/it\/wp-json\/wp\/v2\/users\/1"}],"replies":[{"embeddable":true,"href":"https:\/\/informacionlocal.es\/it\/wp-json\/wp\/v2\/comments?post=2261"}],"version-history":[{"count":1,"href":"https:\/\/informacionlocal.es\/it\/wp-json\/wp\/v2\/posts\/2261\/revisions"}],"predecessor-version":[{"id":2280,"href":"https:\/\/informacionlocal.es\/it\/wp-json\/wp\/v2\/posts\/2261\/revisions\/2280"}],"wp:featuredmedia":[{"embeddable":true,"href":"https:\/\/informacionlocal.es\/it\/wp-json\/wp\/v2\/media\/2244"}],"wp:attachment":[{"href":"https:\/\/informacionlocal.es\/it\/wp-json\/wp\/v2\/media?parent=2261"}],"wp:term":[{"taxonomy":"category","embeddable":true,"href":"https:\/\/informacionlocal.es\/it\/wp-json\/wp\/v2\/categories?post=2261"},{"taxonomy":"post_tag","embeddable":true,"href":"https:\/\/informacionlocal.es\/it\/wp-json\/wp\/v2\/tags?post=2261"}],"curies":[{"name":"wp","href":"https:\/\/api.w.org\/{rel}","templated":true}]}}