{"id":2254,"date":"2025-04-17T14:54:11","date_gmt":"2025-04-17T14:54:11","guid":{"rendered":"https:\/\/informacionlocal.es\/tuineje-ospita-una-giornata-di-formazione-per-le-associazioni-delle-canarie\/"},"modified":"2025-04-18T09:32:08","modified_gmt":"2025-04-18T09:32:08","slug":"tuineje-ospita-una-giornata-di-formazione-per-le-associazioni-delle-canarie","status":"publish","type":"post","link":"https:\/\/informacionlocal.es\/it\/tuineje-ospita-una-giornata-di-formazione-per-le-associazioni-delle-canarie\/","title":{"rendered":"Tuineje ospita una giornata di formazione per le associazioni delle Canarie"},"content":{"rendered":"<div class=\"article-content-inner\">\n<p>Il Comune di Tuineje informa che il prossimo <strong>mercoled\u00ec 23 aprile, alle ore 18:00<\/strong>, si terr\u00e0 nella <strong>Sala Plenaria del Municipio<\/strong> (Calle Mat\u00edas Hern\u00e1ndez L\u00f3pez, 1. Tuineje Casco) una <strong>Giornata di formazione rivolta alle associazioni del Comune e di tutte le Isole Canarie<\/strong>. Questa iniziativa mira a facilitare la <strong>gestione delle procedure amministrative attraverso l&#8217;Ufficio Elettronico<\/strong>, migliorando l&#8217;efficienza e l&#8217;autonomia delle organizzazioni no-profit. <\/p>\n<p>La formazione \u00e8 rivolta al <strong>personale amministrativo, ai rappresentanti e ai membri delle associazioni gi\u00e0 costituite<\/strong>, nonch\u00e9 alle persone interessate a <strong>creare nuove associazioni<\/strong>. Verranno affrontati gli strumenti digitali e i processi amministrativi che permetteranno a queste entit\u00e0 di sviluppare la loro attivit\u00e0 in modo pi\u00f9 agile e sicuro. <\/p>\n<p>L&#8217;assessore ai Servizi sociali, <strong>Pedro Rodr\u00edguez<\/strong>, ha sottolineato che <em>&#8220;questa conferenza \u00e8 un&#8217;occasione fondamentale per le nostre associazioni locali per acquisire autonomia e conoscenza nell&#8217;uso degli strumenti digitali, oggi essenziali per accedere a risorse e sovvenzioni&#8221;.<\/em><\/p>\n<p>Da parte sua, il sindaco di Tuineje, <strong>Candelaria Umpi\u00e9rrez<\/strong>, ha sottolineato che <em>&#8220;dal Municipio continuiamo a promuovere iniziative che rafforzano il tessuto associativo del comune, riconoscendo il suo ruolo fondamentale nella rivitalizzazione sociale, culturale ed economica del territorio&#8221;.<\/em><\/p>\n<p>Le associazioni partecipanti possono appartenere a vari settori, come quello culturale, di quartiere, sportivo, degli anziani, dei genitori degli alunni, cos\u00ec come quelle legate all&#8217;<strong>agricoltura, all&#8217;allevamento e alla pesca<\/strong>, purch\u00e9 non abbiano scopo di lucro.<\/p>\n<p>Le iscrizioni sono aperte e possono essere effettuate attraverso il seguente link:<br \/>\ud83d\udc49 Modulo di registrazione &#8211; Tuineje<\/p>\n<p>Informazioni pi\u00f9 aggiornate sono disponibili sul <strong>portale Open Government del Governo delle Isole Canarie<\/strong>:<br \/>\ud83d\udd17 https:\/\/gobcan.info\/mu41g\/#asociate<\/p>\n<p>Il Comune di Tuineje invita tutte le organizzazioni interessate a partecipare e incoraggia il pubblico a diffondere la notizia di questo evento per raggiungere il maggior numero possibile di associazioni.<\/p>\n<\/div>\n","protected":false},"excerpt":{"rendered":"<p>Il Comune di Tuineje informa che il prossimo mercoled\u00ec 23 aprile, alle ore 18:00, si terr\u00e0 nella Sala Plenaria del Municipio (Calle Mat\u00edas Hern\u00e1ndez L\u00f3pez, 1. Tuineje Casco) una Giornata [&hellip;]<\/p>\n","protected":false},"author":1,"featured_media":2238,"comment_status":"open","ping_status":"open","sticky":false,"template":"","format":"standard","meta":{"inline_featured_image":false,"jnews-multi-image_gallery":[],"jnews_single_post":[],"jnews_primary_category":[],"jnews_social_meta":[],"jnews_override_counter":[],"jnews_post_split":[],"footnotes":""},"categories":[301],"tags":[247],"class_list":["post-2254","post","type-post","status-publish","format-standard","has-post-thumbnail","hentry","category-tuineje-it","tag-formalita"],"jetpack_featured_media_url":"https:\/\/informacionlocal.es\/wp-content\/uploads\/2025\/04\/asociate-e1744881526396.jpeg","_links":{"self":[{"href":"https:\/\/informacionlocal.es\/it\/wp-json\/wp\/v2\/posts\/2254","targetHints":{"allow":["GET"]}}],"collection":[{"href":"https:\/\/informacionlocal.es\/it\/wp-json\/wp\/v2\/posts"}],"about":[{"href":"https:\/\/informacionlocal.es\/it\/wp-json\/wp\/v2\/types\/post"}],"author":[{"embeddable":true,"href":"https:\/\/informacionlocal.es\/it\/wp-json\/wp\/v2\/users\/1"}],"replies":[{"embeddable":true,"href":"https:\/\/informacionlocal.es\/it\/wp-json\/wp\/v2\/comments?post=2254"}],"version-history":[{"count":1,"href":"https:\/\/informacionlocal.es\/it\/wp-json\/wp\/v2\/posts\/2254\/revisions"}],"predecessor-version":[{"id":2269,"href":"https:\/\/informacionlocal.es\/it\/wp-json\/wp\/v2\/posts\/2254\/revisions\/2269"}],"wp:featuredmedia":[{"embeddable":true,"href":"https:\/\/informacionlocal.es\/it\/wp-json\/wp\/v2\/media\/2238"}],"wp:attachment":[{"href":"https:\/\/informacionlocal.es\/it\/wp-json\/wp\/v2\/media?parent=2254"}],"wp:term":[{"taxonomy":"category","embeddable":true,"href":"https:\/\/informacionlocal.es\/it\/wp-json\/wp\/v2\/categories?post=2254"},{"taxonomy":"post_tag","embeddable":true,"href":"https:\/\/informacionlocal.es\/it\/wp-json\/wp\/v2\/tags?post=2254"}],"curies":[{"name":"wp","href":"https:\/\/api.w.org\/{rel}","templated":true}]}}