{"id":2251,"date":"2025-04-17T01:14:23","date_gmt":"2025-04-17T01:14:23","guid":{"rendered":"https:\/\/informacionlocal.es\/tuineje-interviene-in-risposta-agli-occasionali-sversamenti-di-acque-grigie-nelle-paludi\/"},"modified":"2025-04-17T01:14:23","modified_gmt":"2025-04-17T01:14:23","slug":"tuineje-interviene-in-risposta-agli-occasionali-sversamenti-di-acque-grigie-nelle-paludi","status":"publish","type":"post","link":"https:\/\/informacionlocal.es\/it\/tuineje-interviene-in-risposta-agli-occasionali-sversamenti-di-acque-grigie-nelle-paludi\/","title":{"rendered":"Tuineje interviene in risposta agli occasionali sversamenti di acque grigie nelle paludi"},"content":{"rendered":"<div class=\"article-content-inner\">\n<p>Il Comune di Tuineje, attraverso la sua squadra di governo e in coordinamento con l&#8217;organizzazione del luna park installato nel villaggio di Gran Tarajal durante la settimana di Pasqua, desidera informare la popolazione sulle recenti osservazioni relative agli scarichi nella zona palustre.<\/p>\n<p>In primo luogo, la municipalit\u00e0 chiarisce che non c&#8217;\u00e8 mai stato alcuno scarico di acque reflue. Ci\u00f2 che \u00e8 stato rilevato \u00e8 stato lo scarico occasionale di acque grigie &#8211; provenienti da lavandini o docce &#8211; da parte di alcuni caravanisti legati alla fiera. Non appena l&#8217;incidente \u00e8 stato portato alla nostra attenzione, abbiamo agito diligentemente per porre rimedio alla situazione e abbiamo preso le misure necessarie per evitare che questo tipo di incidenti si ripetano.  <\/p>\n<p>L&#8217;assessore all&#8217;Ambiente, Evelyn \u00c1vila, ha sottolineato che &#8220;la protezione dell&#8217;ambiente naturale di Tuineje \u00e8 una priorit\u00e0 assoluta. Fin dall&#8217;inizio sono state adottate misure correttive e la sorveglianza della zona \u00e8 stata rafforzata per garantire il rispetto di tutte le norme ambientali. Ci impegniamo a far coesistere responsabilmente svago e sostenibilit\u00e0&#8221;.<\/p>\n<p>Da parte sua, la sindaca di Tuineje, Candelaria Umpi\u00e9rrez, si \u00e8 rammaricata per i disagi che questa situazione pu\u00f2 aver causato e ha assicurato che &#8220;continueremo ad agire con fermezza ogni volta che l&#8217;ambiente viene compromesso. Allo stesso tempo, difendiamo proposte come il luna park, pensato come alternativa di svago sana e familiare per chi decide di godersi queste vacanze senza lasciare l&#8217;isola&#8221;.<\/p>\n<p>Il Comune \u00e8 grato per la comprensione e la collaborazione di tutti i cittadini e ribadisce il suo fermo impegno a proteggere l&#8217;ambiente e a promuovere una settimana di Pasqua sicura, divertente e rispettosa in tutte le aree pubbliche e naturali del territorio comunale.<\/p>\n<\/div>\n","protected":false},"excerpt":{"rendered":"<p>Il Comune di Tuineje, attraverso la sua squadra di governo e in coordinamento con l&#8217;organizzazione del luna park installato nel villaggio di Gran Tarajal durante la settimana di Pasqua, desidera [&hellip;]<\/p>\n","protected":false},"author":1,"featured_media":2230,"comment_status":"open","ping_status":"open","sticky":false,"template":"","format":"standard","meta":{"inline_featured_image":false,"jnews-multi-image_gallery":[],"jnews_single_post":[],"jnews_primary_category":[],"jnews_social_meta":[],"jnews_override_counter":[],"jnews_post_split":[],"footnotes":""},"categories":[301],"tags":[205,225],"class_list":["post-2251","post","type-post","status-publish","format-standard","has-post-thumbnail","hentry","category-tuineje-it","tag-ambiente","tag-regolamenti"],"jetpack_featured_media_url":"https:\/\/informacionlocal.es\/wp-content\/uploads\/2025\/04\/ayto-tuineje-scaled-1.jpg","_links":{"self":[{"href":"https:\/\/informacionlocal.es\/it\/wp-json\/wp\/v2\/posts\/2251","targetHints":{"allow":["GET"]}}],"collection":[{"href":"https:\/\/informacionlocal.es\/it\/wp-json\/wp\/v2\/posts"}],"about":[{"href":"https:\/\/informacionlocal.es\/it\/wp-json\/wp\/v2\/types\/post"}],"author":[{"embeddable":true,"href":"https:\/\/informacionlocal.es\/it\/wp-json\/wp\/v2\/users\/1"}],"replies":[{"embeddable":true,"href":"https:\/\/informacionlocal.es\/it\/wp-json\/wp\/v2\/comments?post=2251"}],"version-history":[{"count":0,"href":"https:\/\/informacionlocal.es\/it\/wp-json\/wp\/v2\/posts\/2251\/revisions"}],"wp:featuredmedia":[{"embeddable":true,"href":"https:\/\/informacionlocal.es\/it\/wp-json\/wp\/v2\/media\/2230"}],"wp:attachment":[{"href":"https:\/\/informacionlocal.es\/it\/wp-json\/wp\/v2\/media?parent=2251"}],"wp:term":[{"taxonomy":"category","embeddable":true,"href":"https:\/\/informacionlocal.es\/it\/wp-json\/wp\/v2\/categories?post=2251"},{"taxonomy":"post_tag","embeddable":true,"href":"https:\/\/informacionlocal.es\/it\/wp-json\/wp\/v2\/tags?post=2251"}],"curies":[{"name":"wp","href":"https:\/\/api.w.org\/{rel}","templated":true}]}}