{"id":2210,"date":"2025-04-16T19:15:10","date_gmt":"2025-04-16T19:15:10","guid":{"rendered":"https:\/\/informacionlocal.es\/il-comune-di-pajara-investe-piu-di-45-000-euro-in-nuovo-materiale-per-i-vigili-del-fuoco-la-protezione-civile-e-le-spiagge\/"},"modified":"2025-04-16T19:15:10","modified_gmt":"2025-04-16T19:15:10","slug":"il-comune-di-pajara-investe-piu-di-45-000-euro-in-nuovo-materiale-per-i-vigili-del-fuoco-la-protezione-civile-e-le-spiagge","status":"publish","type":"post","link":"https:\/\/informacionlocal.es\/it\/il-comune-di-pajara-investe-piu-di-45-000-euro-in-nuovo-materiale-per-i-vigili-del-fuoco-la-protezione-civile-e-le-spiagge\/","title":{"rendered":"Il Comune di P\u00e1jara investe pi\u00f9 di 45.000 euro in nuovo materiale per i Vigili del Fuoco, la Protezione Civile e le Spiagge."},"content":{"rendered":"<div class=\"entry-content\">\n<p><b><i>L&#8217;investimento comprende sia gli articoli in uniforme che gli strumenti.  <\/i><\/b><\/p>\n<p><span>La Concejal\u00eda de Seguridad y Emergencias dell&#8217;Ayuntamiento de P\u00e1jara ha investito pi\u00f9 di 45.000 euro in attrezzature per i dipartimenti di Antincendio, Protezione Civile e Spiagge con l&#8217;obiettivo di migliorare la loro capacit\u00e0 di risposta e la sicurezza del personale in situazioni critiche.<\/span><\/p>\n<p><span>Il consigliere della zona, Raimundo Dacosta, sottolinea l&#8217;importanza di questa nuova attrezzatura che &#8220;fornir\u00e0 ai professionisti le risorse necessarie per svolgere il loro lavoro in modo pi\u00f9 efficiente e sicuro&#8221;.  <\/span><\/p>\n<p><span>L&#8217;attrezzatura acquistata comprende stivali, giacche e pantaloni antincendio per i vigili del fuoco forestali, occhiali di sicurezza colorati, guanti di salvataggio, elmetti con lampade e una motopompa antincendio multiuso. Sono state incorporate anche unit\u00e0 portatili a schiuma multiespansione, pompe di sentina e di evacuazione con galleggianti e lance antincendio con grilletto.   <\/span><\/p>\n<p><span>Inoltre, l&#8217;assessore sottolinea l&#8217;acquisto di nuove uniformi per i vigili del fuoco, la protezione civile e il personale di spiaggia, che comprende &#8220;magliette, polo, pantaloni traspiranti, gilet bicolore, berretti, giacche e scaldacollo, tra gli altri articoli&#8221;.  <\/span><\/p>\n<p><span>Con questo investimento, il Concistoro ribadisce il suo impegno per il continuo miglioramento delle risorse destinate alla sicurezza nel Comune, garantendo una risposta agile ed efficace a qualsiasi tipo di emergenza.<\/span><\/p>\n<div>Condividi<\/div>\n<\/div>\n","protected":false},"excerpt":{"rendered":"<p><i>L&#8217;investimento comprende sia gli articoli in uniforme che gli strumenti.  <\/i><\/p>\n","protected":false},"author":1,"featured_media":2206,"comment_status":"open","ping_status":"open","sticky":false,"template":"","format":"standard","meta":{"inline_featured_image":false,"jnews-multi-image_gallery":[],"jnews_single_post":[],"jnews_primary_category":[],"jnews_social_meta":[],"jnews_override_counter":[],"jnews_post_split":[],"footnotes":""},"categories":[298],"tags":[315],"class_list":["post-2210","post","type-post","status-publish","format-standard","has-post-thumbnail","hentry","category-pajara-it","tag-sicurezza-ed-emergenze"],"jetpack_featured_media_url":"https:\/\/informacionlocal.es\/wp-content\/uploads\/2025\/04\/seguridad-y-emergencias-1-e1744808038685.jpeg","_links":{"self":[{"href":"https:\/\/informacionlocal.es\/it\/wp-json\/wp\/v2\/posts\/2210","targetHints":{"allow":["GET"]}}],"collection":[{"href":"https:\/\/informacionlocal.es\/it\/wp-json\/wp\/v2\/posts"}],"about":[{"href":"https:\/\/informacionlocal.es\/it\/wp-json\/wp\/v2\/types\/post"}],"author":[{"embeddable":true,"href":"https:\/\/informacionlocal.es\/it\/wp-json\/wp\/v2\/users\/1"}],"replies":[{"embeddable":true,"href":"https:\/\/informacionlocal.es\/it\/wp-json\/wp\/v2\/comments?post=2210"}],"version-history":[{"count":0,"href":"https:\/\/informacionlocal.es\/it\/wp-json\/wp\/v2\/posts\/2210\/revisions"}],"wp:featuredmedia":[{"embeddable":true,"href":"https:\/\/informacionlocal.es\/it\/wp-json\/wp\/v2\/media\/2206"}],"wp:attachment":[{"href":"https:\/\/informacionlocal.es\/it\/wp-json\/wp\/v2\/media?parent=2210"}],"wp:term":[{"taxonomy":"category","embeddable":true,"href":"https:\/\/informacionlocal.es\/it\/wp-json\/wp\/v2\/categories?post=2210"},{"taxonomy":"post_tag","embeddable":true,"href":"https:\/\/informacionlocal.es\/it\/wp-json\/wp\/v2\/tags?post=2210"}],"curies":[{"name":"wp","href":"https:\/\/api.w.org\/{rel}","templated":true}]}}