{"id":2155,"date":"2025-04-16T13:12:13","date_gmt":"2025-04-16T13:12:13","guid":{"rendered":"https:\/\/informacionlocal.es\/la-polizia-locale-di-puerto-del-rosario-arresta-un-uomo-per-un-presunto-reato-di-violenza-di-genere\/"},"modified":"2025-04-16T13:12:13","modified_gmt":"2025-04-16T13:12:13","slug":"la-polizia-locale-di-puerto-del-rosario-arresta-un-uomo-per-un-presunto-reato-di-violenza-di-genere","status":"publish","type":"post","link":"https:\/\/informacionlocal.es\/it\/la-polizia-locale-di-puerto-del-rosario-arresta-un-uomo-per-un-presunto-reato-di-violenza-di-genere\/","title":{"rendered":"La Polizia locale di Puerto del Rosario arresta un uomo per un presunto reato di violenza di genere."},"content":{"rendered":"<div class=\"entry-content\">\n<p>Nel pomeriggio di marted\u00ec 15 aprile 2025, la Centrale di Polizia Locale di Puerto del Rosario ha ricevuto un avviso dalla Sala 112 del CECOE che segnalava un&#8217;aggressione ai danni di una donna da parte del suo compagno in una casa dell&#8217;urbanizzazione &#8220;Los Rosales&#8221; di Puerto del Rosario.<\/p>\n<p>Gli agenti della Polizia Locale di Puerto del Rosario intervenuti sul posto hanno potuto constatare che la vittima, una donna di 38 anni, presentava diversi tagli sul corpo, con ferite sanguinanti, ed \u00e8 stata soccorsa dagli agenti mentre il servizio di ambulanza del Servizio di Emergenza delle Isole Canarie (SUC) si attivava, assistendo e trasferendo la vittima al servizio di emergenza dell&#8217;Ospedale Generale di Fuerteventura dove \u00e8 stata ricoverata per il trattamento delle ferite che il suo compagno le aveva inferto con un coltello.<\/p>\n<p>Il presunto autore che si trovava nella casa familiare, un uomo di 41 anni, \u00e8 stato arrestato dagli agenti della Polizia Locale, ed \u00e8 stato messo a disposizione dell&#8217;Autorit\u00e0 Giudiziaria per la commissione di un presunto reato di Violenza di Genere in ambito familiare, individuando anche il coltello con cui ha provocato le ferite alla compagna, che \u00e8 stato consegnato insieme agli opportuni procedimenti per i fatti al Tribunale del Dovere di Puerto del Rosario.<\/p>\n<\/div>\n","protected":false},"excerpt":{"rendered":"<p>Nel pomeriggio di marted\u00ec 15 aprile 2025, la Centrale di Polizia Locale di Puerto del Rosario ha ricevuto un avviso dalla Sala 112 del CECOE che segnalava un&#8217;aggressione ai danni [&hellip;]<\/p>\n","protected":false},"author":1,"featured_media":2152,"comment_status":"open","ping_status":"open","sticky":false,"template":"","format":"standard","meta":{"inline_featured_image":false,"jnews-multi-image_gallery":[],"jnews_single_post":[],"jnews_primary_category":[],"jnews_social_meta":[],"jnews_override_counter":[],"jnews_post_split":[],"footnotes":""},"categories":[295],"tags":[223],"class_list":["post-2155","post","type-post","status-publish","format-standard","has-post-thumbnail","hentry","category-puerto-del-rosario-it","tag-fuerteventura-it"],"jetpack_featured_media_url":"https:\/\/informacionlocal.es\/wp-content\/uploads\/2025\/04\/policia-local-titu-violencia-g-vehiculo-y-ayto.jpg","_links":{"self":[{"href":"https:\/\/informacionlocal.es\/it\/wp-json\/wp\/v2\/posts\/2155","targetHints":{"allow":["GET"]}}],"collection":[{"href":"https:\/\/informacionlocal.es\/it\/wp-json\/wp\/v2\/posts"}],"about":[{"href":"https:\/\/informacionlocal.es\/it\/wp-json\/wp\/v2\/types\/post"}],"author":[{"embeddable":true,"href":"https:\/\/informacionlocal.es\/it\/wp-json\/wp\/v2\/users\/1"}],"replies":[{"embeddable":true,"href":"https:\/\/informacionlocal.es\/it\/wp-json\/wp\/v2\/comments?post=2155"}],"version-history":[{"count":0,"href":"https:\/\/informacionlocal.es\/it\/wp-json\/wp\/v2\/posts\/2155\/revisions"}],"wp:featuredmedia":[{"embeddable":true,"href":"https:\/\/informacionlocal.es\/it\/wp-json\/wp\/v2\/media\/2152"}],"wp:attachment":[{"href":"https:\/\/informacionlocal.es\/it\/wp-json\/wp\/v2\/media?parent=2155"}],"wp:term":[{"taxonomy":"category","embeddable":true,"href":"https:\/\/informacionlocal.es\/it\/wp-json\/wp\/v2\/categories?post=2155"},{"taxonomy":"post_tag","embeddable":true,"href":"https:\/\/informacionlocal.es\/it\/wp-json\/wp\/v2\/tags?post=2155"}],"curies":[{"name":"wp","href":"https:\/\/api.w.org\/{rel}","templated":true}]}}