{"id":2145,"date":"2025-04-16T08:13:10","date_gmt":"2025-04-16T08:13:10","guid":{"rendered":"https:\/\/informacionlocal.es\/antigua-annuncia-la-campagna-di-identificazione-e-vaccinazione-contro-la-rabbia\/"},"modified":"2025-04-16T08:13:10","modified_gmt":"2025-04-16T08:13:10","slug":"antigua-annuncia-la-campagna-di-identificazione-e-vaccinazione-contro-la-rabbia","status":"publish","type":"post","link":"https:\/\/informacionlocal.es\/it\/antigua-annuncia-la-campagna-di-identificazione-e-vaccinazione-contro-la-rabbia\/","title":{"rendered":"Antigua annuncia la campagna di identificazione e vaccinazione contro la rabbia"},"content":{"rendered":"<div class=\"elementor-widget-container\">\n<p><strong>Antigua annuncia la campagna di identificazione e vaccinazione contro la rabbia<\/strong><\/p>\n<p><strong>&#8211; La campagna di identificazione e vaccinazione si svolge in sei diverse citt\u00e0 per avvicinarsi a tutti i residenti del comune.<\/strong><\/p>\n<p>Il Municipio di Antigua, dal Dipartimento della Salute, annuncia le date e i luoghi in cui si svolger\u00e0 la Campagna di identificazione e vaccinazione antirabbica 2025 durante i mesi di aprile e maggio, annuncia il sindaco, Mat\u00edas Pe\u00f1a Garc\u00eda.<\/p>\n<p>Una campagna che organizziamo ogni anno con due obiettivi principali, identificare tutti i cani presenti nel Comune di Antigua e facilitare la vaccinazione antirabbica&#8221;, spiega il Sindaco.<\/p>\n<p>In questo senso, l&#8217;Assessore alla Sanit\u00e0, Lucila G. Ruiz Gutierrez, ricorda che in questa campagna comunale si cercano costi contenuti per facilitare a tutti i proprietari l&#8217;obbligo di vaccinare e identificare gli animali, stabilendo 15 euro per l&#8217;identificazione e 5 euro per la vaccinazione, da pagare contestualmente all&#8217;azione.<\/p>\n<p>La campagna comunale di identificazione e vaccinazione antirabbica inizia sabato 26 aprile al mattino, dalle 09:00 alle 13:00, nella Scuola Rurale di Triquivijate, e lo stesso giorno nel pomeriggio, dalle 16:00 alle 20:00, nel centro culturale di Agua de Bueyes.<\/p>\n<p>Sabato 3 maggio prosegue nei centri culturali di Caleta de Fuste al mattino e di Los Alares al pomeriggio, per concludersi il 10 maggio nella Scuola Rurale di El Durazno ad Antigua al mattino e nel centro culturale di Casillas de Morales al pomeriggio.<\/p>\n<p>La campagna \u00e8 rivolta solo agli animali registrati nel Comune di Antigua o i cui proprietari sono registrati nello stesso, e ricorda l&#8217;assessore Ruiz Guti\u00e9rrez che la vaccinazione e l&#8217;identificazione dei cani \u00e8 obbligatoria come stabilito dalle norme statali e dall&#8217;Ordinanza comunale.<\/p>\n<\/div>\n","protected":false},"excerpt":{"rendered":"<p><strong>Antigua annuncia la campagna di identificazione e vaccinazione contro la rabbia<\/strong><\/p>\n","protected":false},"author":1,"featured_media":2140,"comment_status":"open","ping_status":"open","sticky":false,"template":"","format":"standard","meta":{"inline_featured_image":false,"jnews-multi-image_gallery":[],"jnews_single_post":[],"jnews_primary_category":[],"jnews_social_meta":[],"jnews_override_counter":[],"jnews_post_split":[],"footnotes":""},"categories":[282],"tags":[257],"class_list":["post-2145","post","type-post","status-publish","format-standard","has-post-thumbnail","hentry","category-antigua-it","tag-salute"],"jetpack_featured_media_url":"https:\/\/informacionlocal.es\/wp-content\/uploads\/2025\/04\/campana-de-identificacion-y-vacunacion-antirrabica.jpg","_links":{"self":[{"href":"https:\/\/informacionlocal.es\/it\/wp-json\/wp\/v2\/posts\/2145","targetHints":{"allow":["GET"]}}],"collection":[{"href":"https:\/\/informacionlocal.es\/it\/wp-json\/wp\/v2\/posts"}],"about":[{"href":"https:\/\/informacionlocal.es\/it\/wp-json\/wp\/v2\/types\/post"}],"author":[{"embeddable":true,"href":"https:\/\/informacionlocal.es\/it\/wp-json\/wp\/v2\/users\/1"}],"replies":[{"embeddable":true,"href":"https:\/\/informacionlocal.es\/it\/wp-json\/wp\/v2\/comments?post=2145"}],"version-history":[{"count":0,"href":"https:\/\/informacionlocal.es\/it\/wp-json\/wp\/v2\/posts\/2145\/revisions"}],"wp:featuredmedia":[{"embeddable":true,"href":"https:\/\/informacionlocal.es\/it\/wp-json\/wp\/v2\/media\/2140"}],"wp:attachment":[{"href":"https:\/\/informacionlocal.es\/it\/wp-json\/wp\/v2\/media?parent=2145"}],"wp:term":[{"taxonomy":"category","embeddable":true,"href":"https:\/\/informacionlocal.es\/it\/wp-json\/wp\/v2\/categories?post=2145"},{"taxonomy":"post_tag","embeddable":true,"href":"https:\/\/informacionlocal.es\/it\/wp-json\/wp\/v2\/tags?post=2145"}],"curies":[{"name":"wp","href":"https:\/\/api.w.org\/{rel}","templated":true}]}}