{"id":2120,"date":"2025-04-16T07:56:16","date_gmt":"2025-04-16T07:56:16","guid":{"rendered":"https:\/\/informacionlocal.es\/il-municipio-di-pajara-celebra-la-giornata-del-libro-con-una-settimana-di-letteratura-musica-e-cultura\/"},"modified":"2025-04-16T07:56:16","modified_gmt":"2025-04-16T07:56:16","slug":"il-municipio-di-pajara-celebra-la-giornata-del-libro-con-una-settimana-di-letteratura-musica-e-cultura","status":"publish","type":"post","link":"https:\/\/informacionlocal.es\/it\/il-municipio-di-pajara-celebra-la-giornata-del-libro-con-una-settimana-di-letteratura-musica-e-cultura\/","title":{"rendered":"Il Municipio di P\u00e1jara celebra la Giornata del Libro con una settimana di letteratura, musica e cultura"},"content":{"rendered":"<div class=\"entry-content\">\n<p><span> <\/span><b><i>I residenti e i visitatori potranno godere di un&#8217;ampia gamma di attivit\u00e0 per tutte le et\u00e0, dal 23 al 26 aprile.<\/i><\/b><\/p>\n<p><span>Il Comune di P\u00e1jara, attraverso l&#8217;Assessorato alla Cultura, celebra la Giornata Internazionale del Libro con un programma speciale dal titolo &#8220;Entre letras y m\u00fasica 2025&#8221;, che si svolger\u00e0 dal 23 al 26 aprile in diverse localit\u00e0 del comune. Questa iniziativa culturale comprender\u00e0 un&#8217;ampia gamma di attivit\u00e0 letterarie rivolte a tutti i tipi di pubblico. <\/span><\/p>\n<p><span>L&#8217;assessore alla Cultura, Raquel Acosta, sottolinea che si tratta di una proposta nata con l&#8217;intento di portare la letteratura in tutti gli angoli del comune, &#8220;creando spazi di incontro intorno ai libri, alle parole e alla musica&#8221;. Inoltre, l&#8217;assessore sottolinea che &#8220;durante questa settimana, residenti e visitatori potranno assistere a laboratori di creazione di personaggi, laboratori di decimazioni, narrazioni, incontri con autori e spettacoli musicali, tra le altre proposte&#8221;.   <\/span><\/p>\n<p><span>I laboratori di d\u00e9cima, rivolti a persone di et\u00e0 superiore ai 12 anni, sono un&#8217;occasione per conoscere e praticare questa forma tradizionale di poesia improvvisata. I posti sono limitati, quindi si consiglia agli interessati di iscriversi in anticipo attraverso i canali del Dipartimento di Cultura.   <\/span><\/p>\n<p><span>L&#8217;assessore ha inoltre sottolineato che il Comune continuer\u00e0 a lavorare per rendere la cultura accessibile, partecipativa e diversificata. &#8220;Attivit\u00e0 come questa non solo danno energia alle nostre citt\u00e0, ma rafforzano anche il tessuto sociale, promuovono i talenti e generano nuove opportunit\u00e0 per i cittadini&#8221;.   <\/span><\/p>\n<p><span>L&#8217;inaugurazione della Fiera del Libro si terr\u00e0 venerd\u00ec 25 aprile alle ore 11:00 nella parte inferiore della Plaza de los Pescadores, nel villaggio di Morro Jable. Durante tutta la giornata si svolgeranno varie attivit\u00e0, tra cui letture di libri, presentazioni letterarie, spettacoli culturali e laboratori. Come finale, sabato 26 aprile alle ore 20:00, si terr\u00e0 la presentazione del progetto di musica e letteratura IV Edizione &#8220;El Poder de la D\u00e9cima Espinela&#8221;, dello scrittore Emilio Fern\u00e1ndez, in un evento che vedr\u00e0 la partecipazione di vari versificatori canari.  <\/span><\/p>\n<p><img loading=\"lazy\" decoding=\"async\" loading=\"lazy\" class=\"alignnone size-medium wp-image-20049\" src=\"https:\/\/informacionlocal.es\/wp-content\/uploads\/2025\/04\/feria-del-libro-300x212-1.jpeg\" width=\"300\" height=\"212\" title=\"feria-del-libro-300x212-1\"><img loading=\"lazy\" decoding=\"async\" loading=\"lazy\" class=\"alignnone size-medium wp-image-20048\" src=\"https:\/\/informacionlocal.es\/wp-content\/uploads\/2025\/04\/feria-del-libro-1-300x212-1.jpeg\" width=\"300\" height=\"212\" title=\"feria-del-libro-1-300x212-1\"><\/p>\n<div>Condividi<\/div>\n<\/div>\n","protected":false},"excerpt":{"rendered":"<p><i>I residenti e i visitatori potranno godere di un&#8217;ampia gamma di attivit\u00e0 per tutte le et\u00e0, dal 23 al 26 aprile.<\/i><\/p>\n","protected":false},"author":1,"featured_media":2108,"comment_status":"open","ping_status":"open","sticky":false,"template":"","format":"standard","meta":{"inline_featured_image":false,"jnews-multi-image_gallery":[],"jnews_single_post":[],"jnews_primary_category":[],"jnews_social_meta":[],"jnews_override_counter":[],"jnews_post_split":[],"footnotes":""},"categories":[298],"tags":[],"class_list":["post-2120","post","type-post","status-publish","format-standard","has-post-thumbnail","hentry","category-pajara-it"],"jetpack_featured_media_url":"https:\/\/informacionlocal.es\/wp-content\/uploads\/2025\/04\/feria-del-libro.jpeg","_links":{"self":[{"href":"https:\/\/informacionlocal.es\/it\/wp-json\/wp\/v2\/posts\/2120","targetHints":{"allow":["GET"]}}],"collection":[{"href":"https:\/\/informacionlocal.es\/it\/wp-json\/wp\/v2\/posts"}],"about":[{"href":"https:\/\/informacionlocal.es\/it\/wp-json\/wp\/v2\/types\/post"}],"author":[{"embeddable":true,"href":"https:\/\/informacionlocal.es\/it\/wp-json\/wp\/v2\/users\/1"}],"replies":[{"embeddable":true,"href":"https:\/\/informacionlocal.es\/it\/wp-json\/wp\/v2\/comments?post=2120"}],"version-history":[{"count":0,"href":"https:\/\/informacionlocal.es\/it\/wp-json\/wp\/v2\/posts\/2120\/revisions"}],"wp:featuredmedia":[{"embeddable":true,"href":"https:\/\/informacionlocal.es\/it\/wp-json\/wp\/v2\/media\/2108"}],"wp:attachment":[{"href":"https:\/\/informacionlocal.es\/it\/wp-json\/wp\/v2\/media?parent=2120"}],"wp:term":[{"taxonomy":"category","embeddable":true,"href":"https:\/\/informacionlocal.es\/it\/wp-json\/wp\/v2\/categories?post=2120"},{"taxonomy":"post_tag","embeddable":true,"href":"https:\/\/informacionlocal.es\/it\/wp-json\/wp\/v2\/tags?post=2120"}],"curies":[{"name":"wp","href":"https:\/\/api.w.org\/{rel}","templated":true}]}}