{"id":2099,"date":"2025-04-15T23:44:20","date_gmt":"2025-04-15T23:44:20","guid":{"rendered":"https:\/\/informacionlocal.es\/antigua-ospita-il-5-seminario-di-autodifesa-femminile\/"},"modified":"2025-04-15T23:44:20","modified_gmt":"2025-04-15T23:44:20","slug":"antigua-ospita-il-5-seminario-di-autodifesa-femminile","status":"publish","type":"post","link":"https:\/\/informacionlocal.es\/it\/antigua-ospita-il-5-seminario-di-autodifesa-femminile\/","title":{"rendered":"Antigua ospita il 5\u00b0 Seminario di autodifesa femminile"},"content":{"rendered":"<div class=\"elementor-widget-container\">\n<p><strong>Antigua ospita il 5\u00b0 Seminario di autodifesa femminile<\/strong><\/p>\n<p><strong>&#8211; Il prossimo 14 giugno dalle ore 9:00 alle 14:00 presso il Padiglione dello Sport di Antigua.  <\/strong><br \/><strong>&#8211; La quota di iscrizione consiste in un chilo di cibo non deperibile che sar\u00e0 donato all&#8217;associazione Majoreros Solidarios.<\/strong><\/p>\n<p>Marted\u00ec 15 aprile, presso il Municipio di Antigua, \u00e8 stato presentato il 5\u00b0 seminario di autodifesa femminile organizzato dal Dojo Guaboren con la collaborazione del Comune di Antigua e del Dipartimento dello Sport di Antigua.<\/p>\n<p>Sensei Alex Alonso, maestro nazionale di autodifesa femminile e di polizia, insieme al Sempai Antonio de La Lombana hanno consegnato al sindaco Mat\u00edas Pe\u00f1a e al consigliere di zona Samuel Torres la locandina che annuncia il V Seminario di Autodifesa Femminile che si terr\u00e0 il 14 giugno al mattino, nel Padiglione Sportivo Comunale di Antigua.<\/p>\n<p>Un seminario pratico e istruttivo che unisce ancora una volta lo sport alla solidariet\u00e0 sociale, spiega l&#8217;assessore Torres, con l&#8217;obiettivo di sostenere l&#8217;associazione Majoreros Solidarios.<\/p>\n<p>Alex Alonso, insegnante del Club Sportivo Guaboren, ricorda l&#8217;obiettivo pratico e solidale di questo 5\u00b0 Seminario di Autodifesa Femminile, sottolineando la raccolta di un chilo di alimenti non deperibili per ogni iscrizione, che sar\u00e0 consegnato alla fine del Seminario all&#8217;Associazione Majoreros Solidarios.<\/p>\n<p>L&#8217;autodifesa femminile porta indubbiamente sicurezza, risorse e riflessi di risposta a qualsiasi donna, e questa conoscenza \u00e8 sempre pratica in qualsiasi situazione imprevista, dice il sindaco, che quindi ringrazia la proposta e incoraggia le donne a partecipare.<\/p>\n<\/div>\n","protected":false},"excerpt":{"rendered":"<p><strong>Antigua ospita il 5\u00b0 Seminario di autodifesa femminile<\/strong><\/p>\n","protected":false},"author":1,"featured_media":2096,"comment_status":"open","ping_status":"open","sticky":false,"template":"","format":"standard","meta":{"inline_featured_image":false,"jnews-multi-image_gallery":[],"jnews_single_post":[],"jnews_primary_category":[],"jnews_social_meta":[],"jnews_override_counter":[],"jnews_post_split":[],"footnotes":""},"categories":[282],"tags":[],"class_list":["post-2099","post","type-post","status-publish","format-standard","has-post-thumbnail","hentry","category-antigua-it"],"jetpack_featured_media_url":"https:\/\/informacionlocal.es\/wp-content\/uploads\/2025\/04\/antigua-colabora-en-v-seminario-defensa-personal-femenina-1-scaled-1.jpg","_links":{"self":[{"href":"https:\/\/informacionlocal.es\/it\/wp-json\/wp\/v2\/posts\/2099","targetHints":{"allow":["GET"]}}],"collection":[{"href":"https:\/\/informacionlocal.es\/it\/wp-json\/wp\/v2\/posts"}],"about":[{"href":"https:\/\/informacionlocal.es\/it\/wp-json\/wp\/v2\/types\/post"}],"author":[{"embeddable":true,"href":"https:\/\/informacionlocal.es\/it\/wp-json\/wp\/v2\/users\/1"}],"replies":[{"embeddable":true,"href":"https:\/\/informacionlocal.es\/it\/wp-json\/wp\/v2\/comments?post=2099"}],"version-history":[{"count":0,"href":"https:\/\/informacionlocal.es\/it\/wp-json\/wp\/v2\/posts\/2099\/revisions"}],"wp:featuredmedia":[{"embeddable":true,"href":"https:\/\/informacionlocal.es\/it\/wp-json\/wp\/v2\/media\/2096"}],"wp:attachment":[{"href":"https:\/\/informacionlocal.es\/it\/wp-json\/wp\/v2\/media?parent=2099"}],"wp:term":[{"taxonomy":"category","embeddable":true,"href":"https:\/\/informacionlocal.es\/it\/wp-json\/wp\/v2\/categories?post=2099"},{"taxonomy":"post_tag","embeddable":true,"href":"https:\/\/informacionlocal.es\/it\/wp-json\/wp\/v2\/tags?post=2099"}],"curies":[{"name":"wp","href":"https:\/\/api.w.org\/{rel}","templated":true}]}}