{"id":2089,"date":"2025-04-15T22:05:19","date_gmt":"2025-04-15T22:05:19","guid":{"rendered":"https:\/\/informacionlocal.es\/la-fiera-dellartigianato-insulare-prende-forma-in-ogni-bancarella-di-legno-allestita-nella-piazza-di-antigua\/"},"modified":"2025-04-15T22:05:19","modified_gmt":"2025-04-15T22:05:19","slug":"la-fiera-dellartigianato-insulare-prende-forma-in-ogni-bancarella-di-legno-allestita-nella-piazza-di-antigua","status":"publish","type":"post","link":"https:\/\/informacionlocal.es\/it\/la-fiera-dellartigianato-insulare-prende-forma-in-ogni-bancarella-di-legno-allestita-nella-piazza-di-antigua\/","title":{"rendered":"La Fiera dell&#8217;Artigianato Insulare prende forma in ogni bancarella di legno allestita nella piazza di Antigua."},"content":{"rendered":"<div class=\"elementor-widget-container\">\n<p><strong>La Fiera dell&#8217;Artigianato Insulare prende forma in ogni bancarella di legno allestita nella piazza di Antigua.<\/strong><\/p>\n<p><strong>&#8211; Nervi saldi e molte ore dedicate all&#8217;assemblaggio della nuova edizione della Fiera dell&#8217;Artigianato Insulare.  <\/strong><br \/><strong>&#8211; Antigua sar\u00e0 ancora una volta la patria dell&#8217;artigianato da gioved\u00ec 1 a domenica 5 maggio.<\/strong><\/p>\n<p>Il lavoro va avanti da mesi, ma \u00e8 sempre nelle ultime settimane che il motore organizzativo \u00e8 al massimo, dice l&#8217;assessore alla Cultura, Jonathan Pe\u00f1a, che ha controllato questo marted\u00ec mattina con il sindaco di Antigua, Mat\u00edas Pe\u00f1a, l&#8217;assemblaggio delle assi, dei tetti, delle borchie e dei cavi che stanno dando forma alle quasi 200 bancarelle di artigianato che saranno protagoniste della trentaseiesima edizione della Fiera dell&#8217;Artigianato dell&#8217;Isola dal 1\u00b0 al 5 maggio.<\/p>\n<p>Il sindaco sottolinea lo sforzo finale di tutte le squadre, che hanno messo a punto i dettagli e preparato la piazza, le strade vicine, l&#8217;allestimento di bancarelle, tensostrutture, palchi, la preparazione delle connessioni di rete e la risoluzione di eventuali problemi per accogliere gli artigiani e le artigiane di tutte le Isole Canarie che ci visitano il primo fine settimana di maggio come se fosse casa loro.<\/p>\n<p>Antigua, la sua piazza e le sue strade, si conferma come sede di una Fiera dell&#8217;Artigianato Insulare a carattere regionale in quanto comprende artigianato e artigiani provenienti da tutto l&#8217;arcipelago, che amplia anche gli spazi con nuove tensostrutture per Istituzioni, spettacoli, ristoranti e un&#8217;area pi\u00f9 ampia dedicata anche al Mercato Alimentare con prodotti raccolti e prodotti a chilometro zero.<\/p>\n<p>L&#8217;organizzazione della Fiera dell&#8217;Artigianato Insulare, il Comune di Antigua e la Fondazione Collettivo Mafasca stanno coordinando l&#8217;alloggio e i pasti degli artigiani partecipanti, oltre a facilitare i loro spostamenti, con l&#8217;obiettivo di rendere il loro soggiorno pi\u00f9 confortevole. Il sindaco aggiunge che per rendere il loro lavoro proficuo, metteremo a disposizione aree di parcheggio per la comodit\u00e0 dei visitatori provenienti da tutta l&#8217;isola, oltre a informare e facilitare gli spostamenti dalle principali citt\u00e0 turistiche.<\/p>\n<\/div>\n","protected":false},"excerpt":{"rendered":"<p><strong>La Fiera dell&#8217;Artigianato Insulare prende forma in ogni bancarella di legno allestita nella piazza di Antigua.<\/strong><\/p>\n","protected":false},"author":1,"featured_media":2084,"comment_status":"open","ping_status":"open","sticky":false,"template":"","format":"standard","meta":{"inline_featured_image":false,"jnews-multi-image_gallery":[],"jnews_single_post":[],"jnews_primary_category":[],"jnews_social_meta":[],"jnews_override_counter":[],"jnews_post_split":[],"footnotes":""},"categories":[282],"tags":[],"class_list":["post-2089","post","type-post","status-publish","format-standard","has-post-thumbnail","hentry","category-antigua-it"],"jetpack_featured_media_url":"https:\/\/informacionlocal.es\/wp-content\/uploads\/2025\/04\/montaje-stands-feria-insular-de-artesania-25-1-scaled-1.jpg","_links":{"self":[{"href":"https:\/\/informacionlocal.es\/it\/wp-json\/wp\/v2\/posts\/2089","targetHints":{"allow":["GET"]}}],"collection":[{"href":"https:\/\/informacionlocal.es\/it\/wp-json\/wp\/v2\/posts"}],"about":[{"href":"https:\/\/informacionlocal.es\/it\/wp-json\/wp\/v2\/types\/post"}],"author":[{"embeddable":true,"href":"https:\/\/informacionlocal.es\/it\/wp-json\/wp\/v2\/users\/1"}],"replies":[{"embeddable":true,"href":"https:\/\/informacionlocal.es\/it\/wp-json\/wp\/v2\/comments?post=2089"}],"version-history":[{"count":0,"href":"https:\/\/informacionlocal.es\/it\/wp-json\/wp\/v2\/posts\/2089\/revisions"}],"wp:featuredmedia":[{"embeddable":true,"href":"https:\/\/informacionlocal.es\/it\/wp-json\/wp\/v2\/media\/2084"}],"wp:attachment":[{"href":"https:\/\/informacionlocal.es\/it\/wp-json\/wp\/v2\/media?parent=2089"}],"wp:term":[{"taxonomy":"category","embeddable":true,"href":"https:\/\/informacionlocal.es\/it\/wp-json\/wp\/v2\/categories?post=2089"},{"taxonomy":"post_tag","embeddable":true,"href":"https:\/\/informacionlocal.es\/it\/wp-json\/wp\/v2\/tags?post=2089"}],"curies":[{"name":"wp","href":"https:\/\/api.w.org\/{rel}","templated":true}]}}