{"id":2075,"date":"2025-04-15T18:08:36","date_gmt":"2025-04-15T18:08:36","guid":{"rendered":"https:\/\/informacionlocal.es\/puerto-del-rosario-trasforma-la-biblioteca-comunale-in-uno-spazio-culturale-accessibile-moderno-e-sostenibile\/"},"modified":"2025-04-15T18:08:36","modified_gmt":"2025-04-15T18:08:36","slug":"puerto-del-rosario-trasforma-la-biblioteca-comunale-in-uno-spazio-culturale-accessibile-moderno-e-sostenibile","status":"publish","type":"post","link":"https:\/\/informacionlocal.es\/it\/puerto-del-rosario-trasforma-la-biblioteca-comunale-in-uno-spazio-culturale-accessibile-moderno-e-sostenibile\/","title":{"rendered":"Puerto del Rosario trasforma la Biblioteca Comunale in uno spazio culturale accessibile, moderno e sostenibile."},"content":{"rendered":"<div class=\"entry-content\">\n<p><strong>Con un budget di 326.865 euro e una durata stimata di sette mesi, la ristrutturazione permetter\u00e0 di adattare questo spazio, di vitale importanza per la comunit\u00e0, alle esigenze del comune.<\/strong><\/p>\n<p><strong> <\/strong>Il Comune di Puerto del Rosario ha lanciato il progetto di ristrutturazione integrale della Biblioteca Municipale, un&#8217;azione strategica che va oltre la semplice riforma architettonica: rappresenta un deciso impegno nei confronti della cultura come motore di sviluppo sociale, inclusione e benessere collettivo.<\/p>\n<p>Il progetto prevede il miglioramento dell&#8217;accessibilit\u00e0, del comfort e dell&#8217;efficienza energetica dell&#8217;edificio comunale situato tra le vie Santo Tom\u00e1s de Aquino, Ramiro de Maeztu, Sagrado Coraz\u00f3n e la strada pedonale Luis Vives. Con un <strong>budget di 326.865 euro<\/strong> e una durata stimata di <strong>sette mesi<\/strong>, la ristrutturazione consentir\u00e0 di adattare questo spazio, di vitale importanza per la comunit\u00e0, alle esigenze del Comune. <\/p>\n<p>L&#8217;intervento previsto risolver\u00e0 i problemi di accessibilit\u00e0 e comfort, dotando l&#8217;edificio delle condizioni adeguate affinch\u00e9 tutti i cittadini possano goderne a parit\u00e0 di condizioni.<\/p>\n<p>Il <strong>sindaco di Puerto del Rosario, David de Vera<\/strong>, ha sottolineato che &#8220;scommettere sulla cultura significa scommettere sull&#8217;anima di una citt\u00e0. Con questa ristrutturazione, non solo garantiamo l&#8217;accesso universale a uno spazio pubblico essenziale, ma rafforziamo anche un punto d&#8217;incontro in cui fioriscono pensiero, creativit\u00e0 e convivenza&#8221;.<\/p>\n<p>Da parte sua, l&#8217;<strong>Assessore alla Cultura, Juan Manuel Verdugo<\/strong>, ha sottolineato che &#8220;la Biblioteca Comunale \u00e8 un luogo dove si intrecciano storie, si allargano gli orizzonti e si costruisce la cittadinanza. Rinnovarla significa rinnovare il nostro impegno per una cultura accessibile, vivace e trasformativa. Vogliamo che tutti i nostri vicini trovino qui uno spazio accogliente, moderno e in sintonia con le loro esigenze&#8221;.<\/p>\n<p>Con questa azione, il Comune rafforza la sua visione della cultura come diritto fondamentale e strumento chiave per la coesione sociale. La Biblioteca Comunale non sar\u00e0 solo uno spazio pi\u00f9 confortevole e funzionale, ma un vero e proprio <strong>epicentro culturale<\/strong>, aperto, inclusivo e dinamico. <\/p>\n<\/div>\n","protected":false},"excerpt":{"rendered":"<p>Con un budget di 326.865 euro e una durata stimata di sette mesi, la ristrutturazione permetter\u00e0 di adattare questo spazio, di vitale importanza per la comunit\u00e0, alle esigenze del comune. [&hellip;]<\/p>\n","protected":false},"author":1,"featured_media":2072,"comment_status":"open","ping_status":"open","sticky":false,"template":"","format":"standard","meta":{"inline_featured_image":false,"jnews-multi-image_gallery":[],"jnews_single_post":[],"jnews_primary_category":[],"jnews_social_meta":[],"jnews_override_counter":[],"jnews_post_split":[],"footnotes":""},"categories":[295],"tags":[],"class_list":["post-2075","post","type-post","status-publish","format-standard","has-post-thumbnail","hentry","category-puerto-del-rosario-it"],"jetpack_featured_media_url":"https:\/\/informacionlocal.es\/wp-content\/uploads\/2025\/04\/biblioteca-titu-acta-alcalde-y-verdugo.jpg","_links":{"self":[{"href":"https:\/\/informacionlocal.es\/it\/wp-json\/wp\/v2\/posts\/2075","targetHints":{"allow":["GET"]}}],"collection":[{"href":"https:\/\/informacionlocal.es\/it\/wp-json\/wp\/v2\/posts"}],"about":[{"href":"https:\/\/informacionlocal.es\/it\/wp-json\/wp\/v2\/types\/post"}],"author":[{"embeddable":true,"href":"https:\/\/informacionlocal.es\/it\/wp-json\/wp\/v2\/users\/1"}],"replies":[{"embeddable":true,"href":"https:\/\/informacionlocal.es\/it\/wp-json\/wp\/v2\/comments?post=2075"}],"version-history":[{"count":0,"href":"https:\/\/informacionlocal.es\/it\/wp-json\/wp\/v2\/posts\/2075\/revisions"}],"wp:featuredmedia":[{"embeddable":true,"href":"https:\/\/informacionlocal.es\/it\/wp-json\/wp\/v2\/media\/2072"}],"wp:attachment":[{"href":"https:\/\/informacionlocal.es\/it\/wp-json\/wp\/v2\/media?parent=2075"}],"wp:term":[{"taxonomy":"category","embeddable":true,"href":"https:\/\/informacionlocal.es\/it\/wp-json\/wp\/v2\/categories?post=2075"},{"taxonomy":"post_tag","embeddable":true,"href":"https:\/\/informacionlocal.es\/it\/wp-json\/wp\/v2\/tags?post=2075"}],"curies":[{"name":"wp","href":"https:\/\/api.w.org\/{rel}","templated":true}]}}