{"id":20741,"date":"2026-04-30T23:01:20","date_gmt":"2026-04-30T22:01:20","guid":{"rendered":"https:\/\/informacionlocal.es\/la-v-feria-de-oportunidades-puerto-del-rosario-late-poemas-en-la-calle-llega-con-una-apuesta-que-mezcla-comercio-cultura-y-solidaridad\/"},"modified":"2026-04-30T23:01:20","modified_gmt":"2026-04-30T22:01:20","slug":"la-v-feria-de-oportunidades-puerto-del-rosario-late-poemas-en-la-calle-llega-con-una-apuesta-que-mezcla-comercio-cultura-y-solidaridad","status":"publish","type":"post","link":"https:\/\/informacionlocal.es\/it\/la-v-feria-de-oportunidades-puerto-del-rosario-late-poemas-en-la-calle-llega-con-una-apuesta-que-mezcla-comercio-cultura-y-solidaridad\/","title":{"rendered":"La V Feria de Oportunidades \u201cPuerto del Rosario Late-Poemas en la calle\u201d llega con una apuesta que mezcla comercio, cultura y solidaridad"},"content":{"rendered":"<div class=\"entry-content\">\n<ul>\n<li><span><strong>La calle Primero de Mayo se llenar\u00e1 los d\u00edas 16 y 17 de mayo con 50 carpas, m\u00fasica en vivo, talleres, gastronom\u00eda y una programaci\u00f3n pensada para dinamizar la econom\u00eda local y apoyar una causa social<\/strong><strong>\u00a0<\/strong><\/span><\/li>\n<\/ul>\n<p><span><strong>En Puerto del Rosario, a 30 de abril de 2026.-<\/strong> El Ayuntamiento de Puerto del Rosario ha presentado este jueves la V Feria de Oportunidades, un evento ya consolidado en la agenda del municipio que volver\u00e1 a transformar la calle Primero de Mayo en un espacio vivo, din\u00e1mico y lleno de actividad los pr\u00f3ximos 16 y 17 de mayo.<\/span><\/p>\n<p><img loading=\"lazy\" decoding=\"async\" loading=\"lazy\" class=\"size-large wp-image-159154 aligncenter\" src=\"https:\/\/informacionlocal.es\/wp-content\/uploads\/2026\/04\/cartel-2-1-729x1024-1.jpeg\" width=\"729\" height=\"1024\" title=\"cartel-2-1-729x1024-1\"><\/p>\n<p><span>La cita, organizada junto a la Asociaci\u00f3n de Empresarios de Puerto del Rosario, reunir\u00e1 a medio centenar de carpas comerciales en las que vecinos y visitantes podr\u00e1n disfrutar de una oferta variada que va mucho m\u00e1s all\u00e1 de las compras. Y es que, adem\u00e1s, la programaci\u00f3n incluye m\u00fasica en directo, talleres dirigidos tanto a p\u00fablico infantil como adulto, sorteos con 1.500 euros en premios, exhibiciones de veh\u00edculos y motos, as\u00ed como acciones de dinamizaci\u00f3n teatral que llenar\u00e1n de ambiente cada rinc\u00f3n.<\/span><\/p>\n<p><span>Uno de los aspectos m\u00e1s especiales de esta edici\u00f3n ser\u00e1 su componente cultural y solidario. La poes\u00eda cobrar\u00e1 protagonismo a trav\u00e9s de iniciativas como el \u201c\u00e1rbol de los poemas\u201d o la participaci\u00f3n de una poetisa que conectar\u00e1 con el p\u00fablico desde la emoci\u00f3n, mientras que la oferta gastron\u00f3mica y algunas actividades estar\u00e1n vinculadas a la recaudaci\u00f3n de fondos en apoyo a la Asociaci\u00f3n de C\u00e1ncer Metast\u00e1sico de mama de Fuerteventura.<\/span><\/p>\n<p><img loading=\"lazy\" decoding=\"async\" loading=\"lazy\" class=\"size-large wp-image-159155 aligncenter\" src=\"https:\/\/informacionlocal.es\/wp-content\/uploads\/2026\/04\/feria-de-oportunidades-1-1024x576-1.jpeg\" width=\"1024\" height=\"576\" title=\"feria-de-oportunidades-1-1024x576-1\"><\/p>\n<p><span>El alcalde de Puerto del Rosario, David de Vera, destac\u00f3 durante la presentaci\u00f3n que \u201cesta feria representa mucho m\u00e1s que una oportunidad comercial; es un punto de encuentro para la ciudadan\u00eda, una forma de generar vida en nuestras calles y de apoyar a quienes cada d\u00eda mueven el tejido econ\u00f3mico del municipio\u201d.<\/span><\/p>\n<p><span>La concejala de Comercio, Tacoremi Guti\u00e9rrez, puso el acento en el car\u00e1cter diverso de la programaci\u00f3n. \u201cHemos trabajado para ofrecer una feria pensada para todos los p\u00fablicos, donde conviven el comercio local, la cultura, el ocio y la solidaridad. Cada edici\u00f3n nos demuestra que la gente responde, participa y hace suyo este espacio\u201d, explic\u00f3.<\/span><\/p>\n<p><span>En la misma l\u00ednea, la presidenta de la Asociaci\u00f3n de Empresarios de Puerto del Rosario, Daniela Plotegher, valor\u00f3 la implicaci\u00f3n del sector. \u201cPara nuestros comercios esta feria es una oportunidad real de darse a conocer, de acercarse al cliente y de generar movimiento en la ciudad. Pero tambi\u00e9n es un evento que se vive con ilusi\u00f3n, porque detr\u00e1s hay mucho trabajo colectivo y una apuesta clara por dinamizar Puerto del Rosario\u201d, se\u00f1al\u00f3.<\/span><\/p>\n<p><span>La V Feria de Oportunidades se desarrollar\u00e1 el viernes 16 de mayo en horario de 10:00 a 20:30 horas y el s\u00e1bado 17 de mayo de 10:00 a 15:00 horas en la calle Primero de Mayo, consolid\u00e1ndose como una de las citas comerciales y sociales m\u00e1s esperadas del calendario local.<\/span><\/p>\n<p>\u00a0<\/p>\n<\/div>\n","protected":false},"excerpt":{"rendered":"<p>La calle Primero de Mayo se llenar\u00e1 los d\u00edas 16 y 17 de mayo con 50 carpas, m\u00fasica en vivo, talleres, gastronom\u00eda y una programaci\u00f3n pensada para dinamizar la econom\u00eda [&hellip;]<\/p>\n","protected":false},"author":1,"featured_media":20743,"comment_status":"open","ping_status":"open","sticky":false,"template":"","format":"standard","meta":{"inline_featured_image":false,"jnews-multi-image_gallery":[],"jnews_single_post":[],"jnews_primary_category":[],"jnews_social_meta":[],"jnews_override_counter":[],"jnews_post_split":[],"footnotes":""},"categories":[61],"tags":[82],"class_list":["post-20741","post","type-post","status-publish","format-standard","has-post-thumbnail","hentry","category-puerto-del-rosario","tag-fuerteventura"],"jetpack_featured_media_url":"https:\/\/informacionlocal.es\/wp-content\/uploads\/2026\/04\/comercio-1.png","_links":{"self":[{"href":"https:\/\/informacionlocal.es\/it\/wp-json\/wp\/v2\/posts\/20741","targetHints":{"allow":["GET"]}}],"collection":[{"href":"https:\/\/informacionlocal.es\/it\/wp-json\/wp\/v2\/posts"}],"about":[{"href":"https:\/\/informacionlocal.es\/it\/wp-json\/wp\/v2\/types\/post"}],"author":[{"embeddable":true,"href":"https:\/\/informacionlocal.es\/it\/wp-json\/wp\/v2\/users\/1"}],"replies":[{"embeddable":true,"href":"https:\/\/informacionlocal.es\/it\/wp-json\/wp\/v2\/comments?post=20741"}],"version-history":[{"count":0,"href":"https:\/\/informacionlocal.es\/it\/wp-json\/wp\/v2\/posts\/20741\/revisions"}],"wp:featuredmedia":[{"embeddable":true,"href":"https:\/\/informacionlocal.es\/it\/wp-json\/wp\/v2\/media\/20743"}],"wp:attachment":[{"href":"https:\/\/informacionlocal.es\/it\/wp-json\/wp\/v2\/media?parent=20741"}],"wp:term":[{"taxonomy":"category","embeddable":true,"href":"https:\/\/informacionlocal.es\/it\/wp-json\/wp\/v2\/categories?post=20741"},{"taxonomy":"post_tag","embeddable":true,"href":"https:\/\/informacionlocal.es\/it\/wp-json\/wp\/v2\/tags?post=20741"}],"curies":[{"name":"wp","href":"https:\/\/api.w.org\/{rel}","templated":true}]}}